{"id":32340,"date":"2025-03-27T21:53:37","date_gmt":"2025-03-28T03:53:37","guid":{"rendered":"http:\/\/elobservatorio.com.mx\/?p=32340"},"modified":"2025-03-27T21:53:37","modified_gmt":"2025-03-28T03:53:37","slug":"realiza-udec-clase-espejo-con-argentina-y-colombia","status":"publish","type":"post","link":"http:\/\/elobservatorio.com.mx\/?p=32340","title":{"rendered":"Realiza UdeC Clase Espejo con Argentina y Colombia"},"content":{"rendered":"<p><em>*El evento reuni\u00f3 a m\u00e1s de 100 estudiantes de la Universidad de Colima, con alumnos de las materias de Inform\u00e1tica, Econom\u00eda y Administraci\u00f3n de la Universidad del Cuyo (Argentina) y la Universidad Santo Tom\u00e1s de Tunja (Colombia).<\/em><\/p>\n<p>Para fortalecer la internacionalizaci\u00f3n desde casa, la Universidad de Colima llev\u00f3 a cabo hace unos d\u00edas la primera sesi\u00f3n virtual de la <strong>Clase Espejo: Gesti\u00f3n de proyectos<\/strong>, una iniciativa que forma parte de los esfuerzos institucionales para preparar a los estudiantes ante los desaf\u00edos de un mundo globalizado.<\/p>\n<p>El evento, realizado v\u00eda Zoom, reuni\u00f3 a m\u00e1s de 100 estudiantes de cuarto semestre del Bachillerato 20 de la Universidad de Colima (UdeC), con estudiantes de las materias de Inform\u00e1tica, Econom\u00eda y Administraci\u00f3n de la Universidad del Cuyo (Argentina) y la Universidad Santo Tom\u00e1s de Tunja (Colombia).<\/p>\n<p>La Clase Espejo es una modalidad educativa colaborativa que vincula a docentes y estudiantes de distintas instituciones internacionales, permitiendo la impartici\u00f3n conjunta o simult\u00e1nea de clases sobre temas comunes. En esta ocasi\u00f3n, las y los alumnos trabajar\u00e1n en proyectos colaborativos que ser\u00e1n guiados por las profesoras Mariela Alejandra Barajas Salazar (Universidad de Colima), Evangelina Ruiz y Cristina Iriarte (Universidad del Cuyo, Argentina).<\/p>\n<p>Durante la primera sesi\u00f3n, se destac\u00f3 la importancia de generar espacios de aprendizaje sin fronteras, donde el trabajo en equipo, el liderazgo, la toma de decisiones, la comunicaci\u00f3n efectiva y la interculturalidad sean pilares fundamentales en la formaci\u00f3n de los estudiantes.<\/p>\n<p>Gustavo Valpuesta Santos, director del Bachillerato 20, ubicado en Tecom\u00e1n, subray\u00f3 la relevancia de la colaboraci\u00f3n docente a nivel internacional, se\u00f1alando que esta sinergia enriquece tanto el desarrollo profesional del profesorado como la formaci\u00f3n acad\u00e9mica de las y los alumnos.<\/p>\n<p>\u201cLa colaboraci\u00f3n entre docentes y la internacionalizaci\u00f3n acad\u00e9mica son pilares estrat\u00e9gicos para el desarrollo de una educaci\u00f3n de excelencia. Como instituci\u00f3n, debemos seguir impulsando estas iniciativas para garantizar que nuestros estudiantes est\u00e9n preparados para enfrentar los retos de un mundo globalizado\u201d, expres\u00f3 Valpuesta.<\/p>\n<p>Estas actividades se alinean con los programas COIL (<em>Collaborative Online International Learning<\/em>) y la visi\u00f3n de la Universidad de Colima por promover una educaci\u00f3n global e inclusiva.<\/p>\n","protected":false},"excerpt":{"rendered":"<p>*El evento reuni\u00f3 a m\u00e1s de 100 estudiantes de la Universidad de Colima, con alumnos de las materias de Inform\u00e1tica, Econom\u00eda y Administraci\u00f3n de la Universidad del Cuyo (Argentina) y la Universidad Santo Tom\u00e1s de Tunja (Colombia). Para fortalecer la internacionalizaci\u00f3n desde casa, la Universidad de Colima llev\u00f3 a cabo hace unos d\u00edas la primera&#8230;<\/p>\n","protected":false},"author":2,"featured_media":32341,"comment_status":"closed","ping_status":"open","sticky":false,"template":"","format":"standard","meta":{"footnotes":""},"categories":[14],"tags":[29,30,28],"class_list":["post-32340","post","type-post","status-publish","format-standard","has-post-thumbnail","hentry","category-educacion-y-cultura","tag-grid","tag-news","tag-slider"],"_links":{"self":[{"href":"http:\/\/elobservatorio.com.mx\/index.php?rest_route=\/wp\/v2\/posts\/32340"}],"collection":[{"href":"http:\/\/elobservatorio.com.mx\/index.php?rest_route=\/wp\/v2\/posts"}],"about":[{"href":"http:\/\/elobservatorio.com.mx\/index.php?rest_route=\/wp\/v2\/types\/post"}],"author":[{"embeddable":true,"href":"http:\/\/elobservatorio.com.mx\/index.php?rest_route=\/wp\/v2\/users\/2"}],"replies":[{"embeddable":true,"href":"http:\/\/elobservatorio.com.mx\/index.php?rest_route=%2Fwp%2Fv2%2Fcomments&post=32340"}],"version-history":[{"count":1,"href":"http:\/\/elobservatorio.com.mx\/index.php?rest_route=\/wp\/v2\/posts\/32340\/revisions"}],"predecessor-version":[{"id":32342,"href":"http:\/\/elobservatorio.com.mx\/index.php?rest_route=\/wp\/v2\/posts\/32340\/revisions\/32342"}],"wp:featuredmedia":[{"embeddable":true,"href":"http:\/\/elobservatorio.com.mx\/index.php?rest_route=\/wp\/v2\/media\/32341"}],"wp:attachment":[{"href":"http:\/\/elobservatorio.com.mx\/index.php?rest_route=%2Fwp%2Fv2%2Fmedia&parent=32340"}],"wp:term":[{"taxonomy":"category","embeddable":true,"href":"http:\/\/elobservatorio.com.mx\/index.php?rest_route=%2Fwp%2Fv2%2Fcategories&post=32340"},{"taxonomy":"post_tag","embeddable":true,"href":"http:\/\/elobservatorio.com.mx\/index.php?rest_route=%2Fwp%2Fv2%2Ftags&post=32340"}],"curies":[{"name":"wp","href":"https:\/\/api.w.org\/{rel}","templated":true}]}}