{"id":32343,"date":"2025-03-27T22:24:39","date_gmt":"2025-03-28T04:24:39","guid":{"rendered":"http:\/\/elobservatorio.com.mx\/?p=32343"},"modified":"2025-03-27T22:24:39","modified_gmt":"2025-03-28T04:24:39","slug":"giran-orden-de-aprehension-contra-un-hombre-por-el-delito-de-secuestro","status":"publish","type":"post","link":"http:\/\/elobservatorio.com.mx\/?p=32343","title":{"rendered":"Giran orden de aprehensi\u00f3n contra un hombre por el delito de secuestro"},"content":{"rendered":"<p><em>+ Los hechos ocurrieron el d\u00eda 14 de abril de 2024, en la colonia La Querencia de la delegaci\u00f3n Santiago, Manzanillo<\/em><\/p>\n<p>Elementos de la Unidad Especializada en Combate al Delito de Secuestro (UECS), adscritos a la Fiscal\u00eda General del Estado (FGE), ejecutaron una orden de aprehensi\u00f3n en contra de Edson Jair \u201cN\u201d, como probable part\u00edcipe del delito de secuestro, cometido en agravio de un menor de edad.<\/p>\n<p>De acuerdo a la carpeta de investigaci\u00f3n, el d\u00eda 14 de abril de 2024, hombres armados arribaron a un domicilio ubicado en la colonia La Querencia de la delegaci\u00f3n Santiago, Manzanillo, lugar en el que se encontraba la v\u00edctima de donde fue privada de la libertad por los mismos, siendo Edson Jair \u201cN\u201d part\u00edcipe de los hechos. Posteriormente, se comunicaron con la madre del menor para solicitar dinero a cambio de su libertad, siendo liberada la v\u00edctima despu\u00e9s del pago.<\/p>\n<p>En acatamiento a la orden de captura girada por un Juez, la FGE pudo detener a este sujeto el d\u00eda 22 de marzo del a\u00f1o en curso en el municipio de Manzanillo, y fue turnado a la autoridad jurisdiccional que llev\u00f3 a cabo la audiencia inicial donde se realiz\u00f3 la imputaci\u00f3n de dicho delito, y se continuar\u00e1 con el proceso correspondiente para determinar su responsabilidad en dichos hechos.<\/p>\n<p>Una vez m\u00e1s, se hace efectiva la estrategia de coordinaci\u00f3n de esta Fiscal\u00eda para lograr llevar ante la justicia a quienes cometen il\u00edcitos que vulneran a la sociedad, garantizando as\u00ed que ning\u00fan delito quede impune.<\/p>\n<p>Por ello, se contin\u00faa exhortando a la poblaci\u00f3n, a que coadyuve con la autoridad a trav\u00e9s de sus denuncias an\u00f3nimas a la l\u00ednea 089 y el reporte de emergencias al 911.<\/p>\n","protected":false},"excerpt":{"rendered":"<p>+ Los hechos ocurrieron el d\u00eda 14 de abril de 2024, en la colonia La Querencia de la delegaci\u00f3n Santiago, Manzanillo Elementos de la Unidad Especializada en Combate al Delito de Secuestro (UECS), adscritos a la Fiscal\u00eda General del Estado (FGE), ejecutaron una orden de aprehensi\u00f3n en contra de Edson Jair \u201cN\u201d, como probable part\u00edcipe&#8230;<\/p>\n","protected":false},"author":2,"featured_media":32344,"comment_status":"closed","ping_status":"open","sticky":false,"template":"","format":"standard","meta":{"footnotes":""},"categories":[15],"tags":[29,30,28],"class_list":["post-32343","post","type-post","status-publish","format-standard","has-post-thumbnail","hentry","category-seguridad-y-justicia","tag-grid","tag-news","tag-slider"],"_links":{"self":[{"href":"http:\/\/elobservatorio.com.mx\/index.php?rest_route=\/wp\/v2\/posts\/32343"}],"collection":[{"href":"http:\/\/elobservatorio.com.mx\/index.php?rest_route=\/wp\/v2\/posts"}],"about":[{"href":"http:\/\/elobservatorio.com.mx\/index.php?rest_route=\/wp\/v2\/types\/post"}],"author":[{"embeddable":true,"href":"http:\/\/elobservatorio.com.mx\/index.php?rest_route=\/wp\/v2\/users\/2"}],"replies":[{"embeddable":true,"href":"http:\/\/elobservatorio.com.mx\/index.php?rest_route=%2Fwp%2Fv2%2Fcomments&post=32343"}],"version-history":[{"count":1,"href":"http:\/\/elobservatorio.com.mx\/index.php?rest_route=\/wp\/v2\/posts\/32343\/revisions"}],"predecessor-version":[{"id":32345,"href":"http:\/\/elobservatorio.com.mx\/index.php?rest_route=\/wp\/v2\/posts\/32343\/revisions\/32345"}],"wp:featuredmedia":[{"embeddable":true,"href":"http:\/\/elobservatorio.com.mx\/index.php?rest_route=\/wp\/v2\/media\/32344"}],"wp:attachment":[{"href":"http:\/\/elobservatorio.com.mx\/index.php?rest_route=%2Fwp%2Fv2%2Fmedia&parent=32343"}],"wp:term":[{"taxonomy":"category","embeddable":true,"href":"http:\/\/elobservatorio.com.mx\/index.php?rest_route=%2Fwp%2Fv2%2Fcategories&post=32343"},{"taxonomy":"post_tag","embeddable":true,"href":"http:\/\/elobservatorio.com.mx\/index.php?rest_route=%2Fwp%2Fv2%2Ftags&post=32343"}],"curies":[{"name":"wp","href":"https:\/\/api.w.org\/{rel}","templated":true}]}}