{"id":32346,"date":"2025-03-27T22:53:12","date_gmt":"2025-03-28T04:53:12","guid":{"rendered":"http:\/\/elobservatorio.com.mx\/?p=32346"},"modified":"2025-03-27T22:53:12","modified_gmt":"2025-03-28T04:53:12","slug":"rosi-bayardo-en-la-espiral-de-violencia","status":"publish","type":"post","link":"http:\/\/elobservatorio.com.mx\/?p=32346","title":{"rendered":"Rosi Bayardo en la espiral de violencia"},"content":{"rendered":"<p><strong>PARACA\u00cdDAS<\/strong><\/p>\n<p><em>Rogelio Guedea<\/em><\/p>\n<p>Desde que la presidenta Sheinbaum levant\u00f3 la mano de Rosi Bayardo en su \u00faltima visita a Manzanillo, todos los reflectores para la gubernatura del 2027 se enfocaron en la edil porte\u00f1a, considerando adem\u00e1s que la otra mano hab\u00eda sido tambi\u00e9n levantada por la propia gobernadora Indira Vizca\u00edno.<\/p>\n<p>No es coincidencia, es verdad, si tomamos en cuenta que ya desde mucho antes, del c\u00edrculo cercano de la gobernadora es Rosi Bayardo una de sus privilegiadas pol\u00edticamente. Sin embargo, y como la mencionada pol\u00edtica es un juego de naipes en el que no s\u00f3lo cuenta el azar sino tambi\u00e9n la habilidad de los jugadores, lo que tiene de frente Rosi Bayardo en Manzanillo es un reto muy may\u00fasculo, sobre todo si tomamos en cuenta que ahora el municipio coste\u00f1o ha superado en violencia a Colima capital (de seguir as\u00ed pronto se convertir\u00e1 en el municipio m\u00e1s violento del mundo) y, adem\u00e1s, seg\u00fan informaci\u00f3n reciente, es el municipio de mayor reclutamiento de j\u00f3venes para el crimen organizado, lo que pone todo cuesta arriba a dicha administraci\u00f3n.<\/p>\n<p>Es verdad que Rosi Bayardo ha implementado algunos programas sociales espec\u00edficos para su municipio con el fin de contrarrestar la escalada de violencia, como lo es el propio UniBeca, que busca apoyar econ\u00f3micamente a estudiantes de educaci\u00f3n superior y posgrado para que contin\u00faen sus estudios, adem\u00e1s de apoyos a emprendedores y a jefas de familia, pero tambi\u00e9n es cierto que los programas sociales de la 4T no han servido de mucho para disminuir la inseguridad ni en el estado ni en el pa\u00eds, con lo cual hay una ecuaci\u00f3n que no est\u00e1 resultando en el binomio mayores programas sociales menores niveles de violencia, o sea que si bien es cierto que los programas sociales han servido para los resultados electorales, no lo han sido para los resultados relacionados con la inseguridad.<\/p>\n<p>Aunque las \u00faltimas encuestas siguen poniendo a Morena a la cabeza de las elecciones del 2027, en nuestra entidad y en el pa\u00eds, para el caso concreto de Manzanillo la percepci\u00f3n del trabajo que desarrolle la presidenta Rosi Bayardo en este y en el pr\u00f3ximo a\u00f1o ser\u00e1 crucial para ver si es realmente la indicada para abanderar a Morena en el camino hacia la gubernatura del Estado. Si supera las expectativas, todo los vientos estar\u00e1n a su favor, pero si las abisma entonces las mismas manos que le levantaron sus manos ser\u00e1n las que se las regresen otra vez al lugar donde antes las ten\u00eda.<\/p>\n<p>Rogelio Guedea<br \/>\nrguedea@ucol.mx<br \/>\nrguedea1974@gmail.com<br \/>\nwebsite: www.rogelioguedea.com<br \/>\ntwitter: @rogelioguedea<\/p>\n","protected":false},"excerpt":{"rendered":"<p>PARACA\u00cdDAS Rogelio Guedea Desde que la presidenta Sheinbaum levant\u00f3 la mano de Rosi Bayardo en su \u00faltima visita a Manzanillo, todos los reflectores para la gubernatura del 2027 se enfocaron en la edil porte\u00f1a, considerando adem\u00e1s que la otra mano hab\u00eda sido tambi\u00e9n levantada por la propia gobernadora Indira Vizca\u00edno. No es coincidencia, es verdad,&#8230;<\/p>\n","protected":false},"author":2,"featured_media":32289,"comment_status":"closed","ping_status":"open","sticky":false,"template":"","format":"standard","meta":{"footnotes":""},"categories":[11],"tags":[29,30,28],"class_list":["post-32346","post","type-post","status-publish","format-standard","has-post-thumbnail","hentry","category-opinion","tag-grid","tag-news","tag-slider"],"_links":{"self":[{"href":"http:\/\/elobservatorio.com.mx\/index.php?rest_route=\/wp\/v2\/posts\/32346"}],"collection":[{"href":"http:\/\/elobservatorio.com.mx\/index.php?rest_route=\/wp\/v2\/posts"}],"about":[{"href":"http:\/\/elobservatorio.com.mx\/index.php?rest_route=\/wp\/v2\/types\/post"}],"author":[{"embeddable":true,"href":"http:\/\/elobservatorio.com.mx\/index.php?rest_route=\/wp\/v2\/users\/2"}],"replies":[{"embeddable":true,"href":"http:\/\/elobservatorio.com.mx\/index.php?rest_route=%2Fwp%2Fv2%2Fcomments&post=32346"}],"version-history":[{"count":1,"href":"http:\/\/elobservatorio.com.mx\/index.php?rest_route=\/wp\/v2\/posts\/32346\/revisions"}],"predecessor-version":[{"id":32347,"href":"http:\/\/elobservatorio.com.mx\/index.php?rest_route=\/wp\/v2\/posts\/32346\/revisions\/32347"}],"wp:featuredmedia":[{"embeddable":true,"href":"http:\/\/elobservatorio.com.mx\/index.php?rest_route=\/wp\/v2\/media\/32289"}],"wp:attachment":[{"href":"http:\/\/elobservatorio.com.mx\/index.php?rest_route=%2Fwp%2Fv2%2Fmedia&parent=32346"}],"wp:term":[{"taxonomy":"category","embeddable":true,"href":"http:\/\/elobservatorio.com.mx\/index.php?rest_route=%2Fwp%2Fv2%2Fcategories&post=32346"},{"taxonomy":"post_tag","embeddable":true,"href":"http:\/\/elobservatorio.com.mx\/index.php?rest_route=%2Fwp%2Fv2%2Ftags&post=32346"}],"curies":[{"name":"wp","href":"https:\/\/api.w.org\/{rel}","templated":true}]}}