{"id":32358,"date":"2025-03-31T19:58:32","date_gmt":"2025-04-01T01:58:32","guid":{"rendered":"http:\/\/elobservatorio.com.mx\/?p=32358"},"modified":"2025-03-31T19:58:32","modified_gmt":"2025-04-01T01:58:32","slug":"hombre-quien-probablemente-robo-a-kiosko-es-vinculado-a-proceso","status":"publish","type":"post","link":"http:\/\/elobservatorio.com.mx\/?p=32358","title":{"rendered":"Hombre quien probablemente rob\u00f3 a Kiosko, es vinculado a proceso"},"content":{"rendered":"<p>Luego de que la ley se\u00f1alara el hecho como delito de robo calificado, Jos\u00e9 Alberto \u201cN\u201d fue vinculado a proceso por su probable comisi\u00f3n en el mismo, en acontecimientos suscitados en el municipio de Tecom\u00e1n.<\/p>\n<p>De acuerdo con lo que establece la carpeta de investigaci\u00f3n, el d\u00eda 18 de marzo de este a\u00f1o, el imputado acudi\u00f3 a la tienda con un objeto con apariencia de arma de fuego con el cual intimid\u00f3 al empleado logrando que le realizara la entrega de dinero en efectivo as\u00ed como de botellas de vino, posterior a ello, procedi\u00f3 a retirarse en un veh\u00edculo.<\/p>\n<p>Por lo anterior, elementos de la polic\u00eda municipal obtuvieron la detenci\u00f3n del hombre, quien posteriormente fue puesto a disposici\u00f3n del ministerio p\u00fablico mismo que derivado de las indagatorias lo turn\u00f3 a la autoridad competente la cual le dict\u00f3 auto de vinculaci\u00f3n a proceso y otorg\u00f3 el plazo de dos meses para la investigaci\u00f3n complementaria.<\/p>\n<p>Es importante recordar que en esta tarea para prevenir y combatir los delitos, es fundamental la colaboraci\u00f3n de la sociedad a trav\u00e9s de sus denuncias an\u00f3nimas a la l\u00ednea 089, y el reporte de las emergencias al 911.<\/p>\n","protected":false},"excerpt":{"rendered":"<p>Luego de que la ley se\u00f1alara el hecho como delito de robo calificado, Jos\u00e9 Alberto \u201cN\u201d fue vinculado a proceso por su probable comisi\u00f3n en el mismo, en acontecimientos suscitados en el municipio de Tecom\u00e1n. De acuerdo con lo que establece la carpeta de investigaci\u00f3n, el d\u00eda 18 de marzo de este a\u00f1o, el imputado&#8230;<\/p>\n","protected":false},"author":2,"featured_media":32359,"comment_status":"closed","ping_status":"open","sticky":false,"template":"","format":"standard","meta":{"footnotes":""},"categories":[15],"tags":[29,30,28],"class_list":["post-32358","post","type-post","status-publish","format-standard","has-post-thumbnail","hentry","category-seguridad-y-justicia","tag-grid","tag-news","tag-slider"],"_links":{"self":[{"href":"http:\/\/elobservatorio.com.mx\/index.php?rest_route=\/wp\/v2\/posts\/32358"}],"collection":[{"href":"http:\/\/elobservatorio.com.mx\/index.php?rest_route=\/wp\/v2\/posts"}],"about":[{"href":"http:\/\/elobservatorio.com.mx\/index.php?rest_route=\/wp\/v2\/types\/post"}],"author":[{"embeddable":true,"href":"http:\/\/elobservatorio.com.mx\/index.php?rest_route=\/wp\/v2\/users\/2"}],"replies":[{"embeddable":true,"href":"http:\/\/elobservatorio.com.mx\/index.php?rest_route=%2Fwp%2Fv2%2Fcomments&post=32358"}],"version-history":[{"count":1,"href":"http:\/\/elobservatorio.com.mx\/index.php?rest_route=\/wp\/v2\/posts\/32358\/revisions"}],"predecessor-version":[{"id":32360,"href":"http:\/\/elobservatorio.com.mx\/index.php?rest_route=\/wp\/v2\/posts\/32358\/revisions\/32360"}],"wp:featuredmedia":[{"embeddable":true,"href":"http:\/\/elobservatorio.com.mx\/index.php?rest_route=\/wp\/v2\/media\/32359"}],"wp:attachment":[{"href":"http:\/\/elobservatorio.com.mx\/index.php?rest_route=%2Fwp%2Fv2%2Fmedia&parent=32358"}],"wp:term":[{"taxonomy":"category","embeddable":true,"href":"http:\/\/elobservatorio.com.mx\/index.php?rest_route=%2Fwp%2Fv2%2Fcategories&post=32358"},{"taxonomy":"post_tag","embeddable":true,"href":"http:\/\/elobservatorio.com.mx\/index.php?rest_route=%2Fwp%2Fv2%2Ftags&post=32358"}],"curies":[{"name":"wp","href":"https:\/\/api.w.org\/{rel}","templated":true}]}}