{"id":32372,"date":"2025-03-31T21:36:16","date_gmt":"2025-04-01T03:36:16","guid":{"rendered":"http:\/\/elobservatorio.com.mx\/?p=32372"},"modified":"2025-03-31T21:36:16","modified_gmt":"2025-04-01T03:36:16","slug":"realiza-concierto-fandango-neon-en-el-fernando-del-paso","status":"publish","type":"post","link":"http:\/\/elobservatorio.com.mx\/?p=32372","title":{"rendered":"Realiza concierto Fandango Ne\u00f3n, en el Fernando del Paso"},"content":{"rendered":"<p><em>* Habr\u00e1 cuatro conciertos m\u00e1s en distintos escenarios; el siguiente ser\u00e1 en el Andador Constituci\u00f3n, en el centro de la ciudad capital.<\/em><\/p>\n<p><em>\u00a0<\/em>Luces ne\u00f3n, danza vibrante y una cuidada mezcla de ritmos que van desde la cumbia y el jazz hasta el tecno y la m\u00fasica disco, fueron los elementos que dieron vida al primer concierto de la serie <strong>Fandango Ne\u00f3n<\/strong>, proyecto del joven artista Miguel Ernesto C\u00e1rdenas Ramos, presentado en la galer\u00eda de arte emergente del Museo Universitario Fernando del Paso.<\/p>\n<p>Este espect\u00e1culo marc\u00f3 el inicio de las actividades apoyadas por el Programa de Est\u00edmulos a la Creaci\u00f3n y Desarrollo Art\u00edstico (PECDA 2024), y forma parte de una serie de cinco conciertos bajo el t\u00edtulo general \u201cM\u00e9xico re-imaginado\u201d.<\/p>\n<p>Miguel C\u00e1rdenas, licenciado en Historia del Arte y estudiante de octavo semestre de M\u00fasica en la Universidad de Colima, explic\u00f3 que este proyecto busca reinterpretar la verbena popular mexicana desde una mirada contempor\u00e1nea. \u201c<strong>Fandango Ne\u00f3n<\/strong> es una fiesta tradicional reinventada; me interesa combinar lo conceptual con lo popular, lo tradicional con lo moderno\u201d, se\u00f1al\u00f3.<\/p>\n<p><strong>Fusi\u00f3n de conceptos, sonidos y emociones<\/strong><\/p>\n<p>El concierto se caracteriz\u00f3 por una plantilla instrumental h\u00edbrida, que incluye desde guitarras ac\u00fasticas hasta instrumentos el\u00e9ctricos distorsionados. \u201cEl concepto est\u00e1 ligado profundamente a los instrumentos que usamos. Contamos con contrabajo, viol\u00edn y guitarra ac\u00fastica, pero tambi\u00e9n con guitarra el\u00e9ctrica, lo que nos permite cruzar g\u00e9neros y crear atm\u00f3sferas inesperadas\u201d, explic\u00f3 C\u00e1rdenas.<\/p>\n<p>Su formaci\u00f3n en historia del arte -combinada con su experiencia musical- ha sido clave para construir una propuesta con identidad propia, tanto en lo est\u00e9tico como en lo sonoro. \u201cSin la m\u00fasica, no podr\u00eda dar forma a lo que quiero expresar con mis manos e instrumentos. Es el lenguaje que me permite unir tradici\u00f3n y vanguardia\u201d, a\u00f1adi\u00f3.<\/p>\n<p><strong>Invit\u00f3 a elegir una carrera con pasi\u00f3n<\/strong><\/p>\n<p>Aprovechando su experiencia multidisciplinaria, el joven creador envi\u00f3 un mensaje a quienes est\u00e1n por elegir una carrera universitaria. \u201cSigan sus metas e intereses. Elegir s\u00f3lo por razones econ\u00f3micas no es suficiente si esa labor no se ejerce con pasi\u00f3n. Recuerden: si lo har\u00e1n toda la vida, elijan algo que realmente les resulte trascendente\u201d.<\/p>\n<p>C\u00e1rdenas Ramos invit\u00f3 al p\u00fablico a su segundo concierto de la serie, titulado <strong>Fiesta<\/strong>, que se llevar\u00e1 a cabo el pr\u00f3ximo 12 de abril en el Andador Constituci\u00f3n, un espacio emblem\u00e1tico del centro hist\u00f3rico de Colima.<\/p>\n<p>\u201cSer\u00e1 una experiencia diferente. Quien haga una pausa durante su paseo podr\u00e1 encontrarse con nuevas piezas, otras din\u00e1micas art\u00edsticas y, como sorpresa, regalaremos un elemento de disfraz para todos los asistentes que deseen integrarse a la puesta en escena\u201d, concluy\u00f3.<\/p>\n<p>&nbsp;<\/p>\n<p>&nbsp;<\/p>\n","protected":false},"excerpt":{"rendered":"<p>* Habr\u00e1 cuatro conciertos m\u00e1s en distintos escenarios; el siguiente ser\u00e1 en el Andador Constituci\u00f3n, en el centro de la ciudad capital. \u00a0Luces ne\u00f3n, danza vibrante y una cuidada mezcla de ritmos que van desde la cumbia y el jazz hasta el tecno y la m\u00fasica disco, fueron los elementos que dieron vida al primer&#8230;<\/p>\n","protected":false},"author":2,"featured_media":32373,"comment_status":"closed","ping_status":"open","sticky":false,"template":"","format":"standard","meta":{"footnotes":""},"categories":[14],"tags":[29,30,28],"class_list":["post-32372","post","type-post","status-publish","format-standard","has-post-thumbnail","hentry","category-educacion-y-cultura","tag-grid","tag-news","tag-slider"],"_links":{"self":[{"href":"http:\/\/elobservatorio.com.mx\/index.php?rest_route=\/wp\/v2\/posts\/32372"}],"collection":[{"href":"http:\/\/elobservatorio.com.mx\/index.php?rest_route=\/wp\/v2\/posts"}],"about":[{"href":"http:\/\/elobservatorio.com.mx\/index.php?rest_route=\/wp\/v2\/types\/post"}],"author":[{"embeddable":true,"href":"http:\/\/elobservatorio.com.mx\/index.php?rest_route=\/wp\/v2\/users\/2"}],"replies":[{"embeddable":true,"href":"http:\/\/elobservatorio.com.mx\/index.php?rest_route=%2Fwp%2Fv2%2Fcomments&post=32372"}],"version-history":[{"count":1,"href":"http:\/\/elobservatorio.com.mx\/index.php?rest_route=\/wp\/v2\/posts\/32372\/revisions"}],"predecessor-version":[{"id":32374,"href":"http:\/\/elobservatorio.com.mx\/index.php?rest_route=\/wp\/v2\/posts\/32372\/revisions\/32374"}],"wp:featuredmedia":[{"embeddable":true,"href":"http:\/\/elobservatorio.com.mx\/index.php?rest_route=\/wp\/v2\/media\/32373"}],"wp:attachment":[{"href":"http:\/\/elobservatorio.com.mx\/index.php?rest_route=%2Fwp%2Fv2%2Fmedia&parent=32372"}],"wp:term":[{"taxonomy":"category","embeddable":true,"href":"http:\/\/elobservatorio.com.mx\/index.php?rest_route=%2Fwp%2Fv2%2Fcategories&post=32372"},{"taxonomy":"post_tag","embeddable":true,"href":"http:\/\/elobservatorio.com.mx\/index.php?rest_route=%2Fwp%2Fv2%2Ftags&post=32372"}],"curies":[{"name":"wp","href":"https:\/\/api.w.org\/{rel}","templated":true}]}}