{"id":32384,"date":"2025-04-01T21:02:55","date_gmt":"2025-04-02T03:02:55","guid":{"rendered":"http:\/\/elobservatorio.com.mx\/?p=32384"},"modified":"2025-04-01T21:02:55","modified_gmt":"2025-04-02T03:02:55","slug":"otro-hombre-vinculado-a-proceso-por-robo-a-kiosko","status":"publish","type":"post","link":"http:\/\/elobservatorio.com.mx\/?p=32384","title":{"rendered":"Otro hombre vinculado a proceso por robo a Kiosko"},"content":{"rendered":"<p><em>* El imputado quien presuntamente cometi\u00f3 el atraco, ya se encuentra en prisi\u00f3n<\/em><\/p>\n<p><em>* La empleada del lugar lo reconoci\u00f3 por ser la misma persona que meses atr\u00e1s hab\u00eda estado robando<\/em><\/p>\n<p>Por el hecho constitutivo del delito de robo calificado, Marcos C\u00e9sar \u201cN\u201d fue vinculado a proceso por la autoridad jurisdiccional luego de encontrarle presuntamente responsable por lo cometido en una tienda de la cadena Kiosko ubicada en la colonia Las Flores del municipio de Tecom\u00e1n.<\/p>\n<p>De acuerdo a los acontecimientos, el imputado ingres\u00f3 al establecimiento de donde se apoder\u00f3 de diversos productos y la empleada al observar sus conductas debido a que lo reconoci\u00f3 por ser la misma persona que meses atr\u00e1s les ha estado robando, trat\u00f3 de impedir el atraco, por lo que el sujeto la amenaz\u00f3 con un cuchillo y sali\u00f3 corriendo del lugar.<\/p>\n<p>Posteriormente, el imputado fue detenido y puesto a disposici\u00f3n de la autoridad ministerial quien tras el curso de las investigaciones y turnarlo a la autoridad jurisdiccional, se le impuso la prisi\u00f3n preventiva como medida cautelar y se otorg\u00f3 el plazo de tres meses para la investigaci\u00f3n complementaria.<\/p>\n<p>La instituci\u00f3n llama a la ciudadan\u00eda a contribuir con la denuncia an\u00f3nima reportando los actos delictivos a las l\u00edneas 089 y 911.<\/p>\n<p>&nbsp;<\/p>\n","protected":false},"excerpt":{"rendered":"<p>* El imputado quien presuntamente cometi\u00f3 el atraco, ya se encuentra en prisi\u00f3n * La empleada del lugar lo reconoci\u00f3 por ser la misma persona que meses atr\u00e1s hab\u00eda estado robando Por el hecho constitutivo del delito de robo calificado, Marcos C\u00e9sar \u201cN\u201d fue vinculado a proceso por la autoridad jurisdiccional luego de encontrarle presuntamente&#8230;<\/p>\n","protected":false},"author":2,"featured_media":32385,"comment_status":"closed","ping_status":"open","sticky":false,"template":"","format":"standard","meta":{"footnotes":""},"categories":[15],"tags":[29,30,28],"class_list":["post-32384","post","type-post","status-publish","format-standard","has-post-thumbnail","hentry","category-seguridad-y-justicia","tag-grid","tag-news","tag-slider"],"_links":{"self":[{"href":"http:\/\/elobservatorio.com.mx\/index.php?rest_route=\/wp\/v2\/posts\/32384"}],"collection":[{"href":"http:\/\/elobservatorio.com.mx\/index.php?rest_route=\/wp\/v2\/posts"}],"about":[{"href":"http:\/\/elobservatorio.com.mx\/index.php?rest_route=\/wp\/v2\/types\/post"}],"author":[{"embeddable":true,"href":"http:\/\/elobservatorio.com.mx\/index.php?rest_route=\/wp\/v2\/users\/2"}],"replies":[{"embeddable":true,"href":"http:\/\/elobservatorio.com.mx\/index.php?rest_route=%2Fwp%2Fv2%2Fcomments&post=32384"}],"version-history":[{"count":1,"href":"http:\/\/elobservatorio.com.mx\/index.php?rest_route=\/wp\/v2\/posts\/32384\/revisions"}],"predecessor-version":[{"id":32386,"href":"http:\/\/elobservatorio.com.mx\/index.php?rest_route=\/wp\/v2\/posts\/32384\/revisions\/32386"}],"wp:featuredmedia":[{"embeddable":true,"href":"http:\/\/elobservatorio.com.mx\/index.php?rest_route=\/wp\/v2\/media\/32385"}],"wp:attachment":[{"href":"http:\/\/elobservatorio.com.mx\/index.php?rest_route=%2Fwp%2Fv2%2Fmedia&parent=32384"}],"wp:term":[{"taxonomy":"category","embeddable":true,"href":"http:\/\/elobservatorio.com.mx\/index.php?rest_route=%2Fwp%2Fv2%2Fcategories&post=32384"},{"taxonomy":"post_tag","embeddable":true,"href":"http:\/\/elobservatorio.com.mx\/index.php?rest_route=%2Fwp%2Fv2%2Ftags&post=32384"}],"curies":[{"name":"wp","href":"https:\/\/api.w.org\/{rel}","templated":true}]}}