{"id":3240,"date":"2019-03-20T17:21:42","date_gmt":"2019-03-20T17:21:42","guid":{"rendered":"http:\/\/elobservatorio.com.mx\/proceso-de-seleccion-de-guardavidas-cumple-normatividad-juridica-y-de-transparencia-pc"},"modified":"2019-03-20T17:21:42","modified_gmt":"2019-03-20T17:21:42","slug":"proceso-de-seleccion-de-guardavidas-cumple-normatividad-juridica-y-de-transparencia-pc","status":"publish","type":"post","link":"http:\/\/elobservatorio.com.mx\/?p=3240","title":{"rendered":"Proceso de selecci\u00f3n de guardavidas cumple normatividad jur\u00eddica y de transparencia: PC"},"content":{"rendered":"<p>El Director de la Unidad Municipal de Protecci\u00f3n Civil de Tecom\u00e1n, Enrique Manuel Sep\u00falveda Rodr\u00edguez, acompa\u00f1ado del regidor \u00c1ngel Antonio Venegas L\u00f3pez Presidente de la Comisi\u00f3n de Protecci\u00f3n Civil en el cabildo tecomense, dio a conocer que este martes en la playa de El Real se llev\u00f3 a cabo el proceso de selecci\u00f3n de guardavidas que quieran entrar a cubrir las playas en esta pr\u00f3xima temporada vacacional que se avecina.<\/p>\n<p>Lo anterior en cumplimiento a las recomendaciones de transparencia y legalidad que ha indicado el Presidente Municipal El\u00edas Antonio Lozano Ochoa; por lo que en este sentido, Sep\u00falveda Rodr\u00edguez mencion\u00f3 que el proceso se realiza de manera simult\u00e1nea en Manzanillo, Armer\u00eda y Tecom\u00e1n y se cuenta con el apoyo de la Unidad Estatal de Protecci\u00f3n Civil<\/p>\n<p>\u201cse trata de llevar este proceso de selecci\u00f3n de manera transparente y a parte de la recepci\u00f3n de la documentaci\u00f3n que se les solicit\u00f3 se hacen las pruebas f\u00edsicas, escritas, se eval\u00faa el conocimiento que tienen de rescate y la condici\u00f3n f\u00edsica que tengan para poder llevar a cabo esa funci\u00f3n tan importante\u201d.<\/p>\n<p>Abund\u00f3 que se tienen hasta el momento 22 elementos registrados de 30 que se requieren para cubrir las playas de Boca de Apiza, El Chupadero, Tecuanillo, El Real y Pascuales.<\/p>\n<p>Dijo que est\u00e1n haciendo falta m\u00e1s elementos por lo que esperan que en los pr\u00f3ximos d\u00edas haya m\u00e1s interesados \u201clo cierto es que tienen que aprobar la serie de requerimientos que se les hacen, porque no queremos guardavidas que en determinado momento puedan ser negligentes y poner en riesgo la vida de los ba\u00f1istas que estar\u00e1n en esta parte del litoral del Pac\u00edfico\u201d.<\/p>\n<p>Sep\u00falveda Rodr\u00edguez coment\u00f3 que es la primera vez que se hace este proceso de selecci\u00f3n de esta manera, en cumplimiento con todas las exigencias de transparencia y los requisitos legales, \u201cpero adem\u00e1s el que se pueda tener la certeza de que el personal que est\u00e9 ingresando, efectivamente, est\u00e9 calificado para llevar a cabo el salvaguardar la vida de los turistas\u201d.<\/p>\n","protected":false},"excerpt":{"rendered":"<p>El Director de la Unidad Municipal de Protecci\u00f3n Civil de Tecom\u00e1n, Enrique Manuel Sep\u00falveda Rodr\u00edguez, acompa\u00f1ado del regidor \u00c1ngel Antonio Venegas L\u00f3pez Presidente de la Comisi\u00f3n de Protecci\u00f3n Civil en el cabildo tecomense, dio a conocer que este martes en la playa de El Real se llev\u00f3 a cabo el proceso de selecci\u00f3n de guardavidas&#8230;<\/p>\n","protected":false},"author":2,"featured_media":3241,"comment_status":"open","ping_status":"open","sticky":false,"template":"","format":"standard","meta":{"footnotes":""},"categories":[8,34],"tags":[29,30,28],"class_list":["post-3240","post","type-post","status-publish","format-standard","has-post-thumbnail","hentry","category-municipios","category-tecoman","tag-grid","tag-news","tag-slider"],"_links":{"self":[{"href":"http:\/\/elobservatorio.com.mx\/index.php?rest_route=\/wp\/v2\/posts\/3240"}],"collection":[{"href":"http:\/\/elobservatorio.com.mx\/index.php?rest_route=\/wp\/v2\/posts"}],"about":[{"href":"http:\/\/elobservatorio.com.mx\/index.php?rest_route=\/wp\/v2\/types\/post"}],"author":[{"embeddable":true,"href":"http:\/\/elobservatorio.com.mx\/index.php?rest_route=\/wp\/v2\/users\/2"}],"replies":[{"embeddable":true,"href":"http:\/\/elobservatorio.com.mx\/index.php?rest_route=%2Fwp%2Fv2%2Fcomments&post=3240"}],"version-history":[{"count":0,"href":"http:\/\/elobservatorio.com.mx\/index.php?rest_route=\/wp\/v2\/posts\/3240\/revisions"}],"wp:featuredmedia":[{"embeddable":true,"href":"http:\/\/elobservatorio.com.mx\/index.php?rest_route=\/wp\/v2\/media\/3241"}],"wp:attachment":[{"href":"http:\/\/elobservatorio.com.mx\/index.php?rest_route=%2Fwp%2Fv2%2Fmedia&parent=3240"}],"wp:term":[{"taxonomy":"category","embeddable":true,"href":"http:\/\/elobservatorio.com.mx\/index.php?rest_route=%2Fwp%2Fv2%2Fcategories&post=3240"},{"taxonomy":"post_tag","embeddable":true,"href":"http:\/\/elobservatorio.com.mx\/index.php?rest_route=%2Fwp%2Fv2%2Ftags&post=3240"}],"curies":[{"name":"wp","href":"https:\/\/api.w.org\/{rel}","templated":true}]}}