{"id":32431,"date":"2025-04-08T23:49:22","date_gmt":"2025-04-09T05:49:22","guid":{"rendered":"http:\/\/elobservatorio.com.mx\/?p=32431"},"modified":"2025-04-08T23:49:22","modified_gmt":"2025-04-09T05:49:22","slug":"congreso-realiza-foro-de-consulta-para-la-reforma-local-en-materia-de-lengua-de-senas-mexicana","status":"publish","type":"post","link":"http:\/\/elobservatorio.com.mx\/?p=32431","title":{"rendered":"Congreso realiza foro de consulta para la Reforma local en materia de Lengua de Se\u00f1as Mexicana"},"content":{"rendered":"<p>Con una gran participaci\u00f3n de instituciones educativas, la sociedad civil y la comunidad de personas sordas, la tarde de este martes, en el H. Congreso del Estado de Colima, se llev\u00f3 a cabo el Foro de consulta para la Reforma a la Constituci\u00f3n local en materia de Lengua de Se\u00f1as Mexicana.<\/p>\n<p>En el mensaje de bienvenida al foro, la diputada Dulce Huerta Araiza, presidenta de la Comisi\u00f3n de Estudios Legislativos y Puntos Constitucionales, mencion\u00f3 que incluir la Legua de Se\u00f1as Mexicana en nuestra Constituci\u00f3n estatal es un paso hacia la igualdad y la justicia para la comunidad sorda.<\/p>\n<p>Explic\u00f3 que la Reforma que se pretende hacer al Art\u00edculo 97 de la Constituci\u00f3n local incluye b\u00e1sicamente tres cosas: reconocer la Legua de Se\u00f1as Mexicana como una lengua nacional y parte del patrimonio ling\u00fc\u00edstico de nuestro estado; impulsar que las personas sordas reciban educaci\u00f3n en Lengua de Se\u00f1as Mexicana y que el Gobierno del Estado y municipios privilegien la ense\u00f1anza y utilizaci\u00f3n de Lengua de Se\u00f1as Mexicana.<\/p>\n<p>Por su parte, la diputada Sharon Monserrat D\u00edaz Garc\u00eda, iniciadora de la propuesta de reforma a la Constituci\u00f3n del Estado de Colima, expres\u00f3 que la Lengua de Se\u00f1as Mexicana, no es solo un medio de comunicaci\u00f3n sino un puente hacia la inclusi\u00f3n, el respeto y la celebraci\u00f3n de la diversidad. \u201cCada paso que damos en esa direcci\u00f3n estamos m\u00e1s cerca de una inclusi\u00f3n plena\u201d, dijo.<\/p>\n<p>Por ello, insisti\u00f3, es fundamental que en los sistemas educativos colimenses se implementen programas que ense\u00f1en Lengua de Se\u00f1as Mexicana, no solo a las y los estudiantes sordos, sino a sus compa\u00f1eros, pues ello generar\u00e1 un ambiente de aprendizaje colaborativo y respetuoso.<\/p>\n<p>Durante el desarrollo del foro, el presidente de la Coalici\u00f3n de las Personas Sordas A,C., Erick \u00c1lvaro Arellano Hern\u00e1ndez, expuso la importancia del reconocimiento de la Lengua de Se\u00f1as Mexicana en las constituciones estatales, por lo que calific\u00f3 este foro como un d\u00eda muy importante para la comunidad sorda del Estado de Colima, pues se da un paso a garantizar sus derechos.<\/p>\n<p>Finalmente, la diputada Evangelina Bustamante Morales, presidenta de la Comisi\u00f3n Legislativa de Educaci\u00f3n, Cultura y Ciencia, reconoci\u00f3 el impulso que la diputada Sharon D\u00edaz ha dado a esta y otras iniciativas en materia de inclusi\u00f3n; tambi\u00e9n, dijo que conf\u00eda en que esta Reforma contar\u00e1 con el apoyo del Pleno del Legislativo.<\/p>\n","protected":false},"excerpt":{"rendered":"<p>Con una gran participaci\u00f3n de instituciones educativas, la sociedad civil y la comunidad de personas sordas, la tarde de este martes, en el H. Congreso del Estado de Colima, se llev\u00f3 a cabo el Foro de consulta para la Reforma a la Constituci\u00f3n local en materia de Lengua de Se\u00f1as Mexicana. En el mensaje de&#8230;<\/p>\n","protected":false},"author":2,"featured_media":32432,"comment_status":"closed","ping_status":"open","sticky":false,"template":"","format":"standard","meta":{"footnotes":""},"categories":[1],"tags":[29,30,28],"class_list":["post-32431","post","type-post","status-publish","format-standard","has-post-thumbnail","hentry","category-espacio-legislativo","tag-grid","tag-news","tag-slider"],"_links":{"self":[{"href":"http:\/\/elobservatorio.com.mx\/index.php?rest_route=\/wp\/v2\/posts\/32431"}],"collection":[{"href":"http:\/\/elobservatorio.com.mx\/index.php?rest_route=\/wp\/v2\/posts"}],"about":[{"href":"http:\/\/elobservatorio.com.mx\/index.php?rest_route=\/wp\/v2\/types\/post"}],"author":[{"embeddable":true,"href":"http:\/\/elobservatorio.com.mx\/index.php?rest_route=\/wp\/v2\/users\/2"}],"replies":[{"embeddable":true,"href":"http:\/\/elobservatorio.com.mx\/index.php?rest_route=%2Fwp%2Fv2%2Fcomments&post=32431"}],"version-history":[{"count":1,"href":"http:\/\/elobservatorio.com.mx\/index.php?rest_route=\/wp\/v2\/posts\/32431\/revisions"}],"predecessor-version":[{"id":32433,"href":"http:\/\/elobservatorio.com.mx\/index.php?rest_route=\/wp\/v2\/posts\/32431\/revisions\/32433"}],"wp:featuredmedia":[{"embeddable":true,"href":"http:\/\/elobservatorio.com.mx\/index.php?rest_route=\/wp\/v2\/media\/32432"}],"wp:attachment":[{"href":"http:\/\/elobservatorio.com.mx\/index.php?rest_route=%2Fwp%2Fv2%2Fmedia&parent=32431"}],"wp:term":[{"taxonomy":"category","embeddable":true,"href":"http:\/\/elobservatorio.com.mx\/index.php?rest_route=%2Fwp%2Fv2%2Fcategories&post=32431"},{"taxonomy":"post_tag","embeddable":true,"href":"http:\/\/elobservatorio.com.mx\/index.php?rest_route=%2Fwp%2Fv2%2Ftags&post=32431"}],"curies":[{"name":"wp","href":"https:\/\/api.w.org\/{rel}","templated":true}]}}