{"id":32452,"date":"2025-04-10T00:09:27","date_gmt":"2025-04-10T06:09:27","guid":{"rendered":"http:\/\/elobservatorio.com.mx\/?p=32452"},"modified":"2025-04-10T00:09:27","modified_gmt":"2025-04-10T06:09:27","slug":"realizan-primera-sesion-de-mentoria-grupal-para-jovenes-en-areas-stem-en-manzanillo","status":"publish","type":"post","link":"http:\/\/elobservatorio.com.mx\/?p=32452","title":{"rendered":"Realizan primera sesi\u00f3n de mentor\u00eda grupal para j\u00f3venes en \u00e1reas STEM, en Manzanillo"},"content":{"rendered":"<p><em>*Mentor\u00edas en STEM es una iniciativa impulsada por la Facultad de Ciencias de la UdeC para fomentar el ingreso, permanencia y egreso de mujeres en \u00e1reas relacionadas con la Ciencia, Tecnolog\u00eda, Ingenier\u00eda y Matem\u00e1ticas (STEM, por sus siglas en ingl\u00e9s).<\/em><\/p>\n<p>La Universidad de Colima, a trav\u00e9s de la Coordinaci\u00f3n General de Docencia, la Direcci\u00f3n General de Educaci\u00f3n Media Superior y la Direcci\u00f3n General para el Desarrollo Integral, llev\u00f3 a cabo en el puerto de Manzanillo la Primera Sesi\u00f3n de Mentor\u00eda Grupal del programa <strong>Mentor\u00edas en STEM 2025<\/strong>. Esta iniciativa cuenta con la participaci\u00f3n activa de las facultades de Ciencias, Psicolog\u00eda y Trabajo Social.<\/p>\n<p>Durante la jornada, mentoras, mentores y alumnas de bachillerato que forman parte del programa, visitaron las instalaciones de las facultades de Ingenier\u00eda Electromec\u00e1nica y Ciencias Marinas, ambas ubicadas en el campus El Naranjo, en Manzanillo.<\/p>\n<p>El programa <strong>Mentor\u00edas en STEM<\/strong> es una iniciativa impulsada por la Facultad de Ciencias de la UdeC con el objetivo de fomentar el ingreso, la permanencia y el egreso de mujeres en \u00e1reas relacionadas con la Ciencia, Tecnolog\u00eda, Ingenier\u00eda y Matem\u00e1ticas (STEM, por sus siglas en ingl\u00e9s).<\/p>\n<p>En el evento estuvieron presentes autoridades y docentes universitarias como Ana Mar\u00eda Gallardo V\u00e1zquez, delegada de la UdeC en Manzanillo; Guillermina Ch\u00e1vez Torres, directora general para el Desarrollo Integral; Malena Tejeda-Yeomans, directora de la Facultad de Ciencias; Janeth Aurelia Alcal\u00e1 Rodr\u00edguez, directora de la Facultad de Ingenier\u00eda Electromec\u00e1nica, y Dea C\u00e1rdenas, docente de la Facultad de Ciencias Marinas. Todas ellas acompa\u00f1aron y guiaron a las estudiantes durante su recorrido por los espacios acad\u00e9micos.<\/p>\n<p>Durante la visita, las estudiantes pudieron conocer laboratorios, talleres y proyectos de investigaci\u00f3n en desarrollo. Adem\u00e1s, compartieron experiencias con alumnas y profesoras universitarias, resolviendo dudas e intercambiando inquietudes sobre sus futuras trayectorias acad\u00e9micas.<\/p>\n<p>Esta actividad forma parte de las estrategias institucionales para fortalecer el acompa\u00f1amiento acad\u00e9mico, construir redes entre cient\u00edficas e ingenieras y brindar herramientas que ayuden a las j\u00f3venes a tomar decisiones informadas sobre su futuro profesional en carreras STEM.<\/p>\n<p>&nbsp;<\/p>\n","protected":false},"excerpt":{"rendered":"<p>*Mentor\u00edas en STEM es una iniciativa impulsada por la Facultad de Ciencias de la UdeC para fomentar el ingreso, permanencia y egreso de mujeres en \u00e1reas relacionadas con la Ciencia, Tecnolog\u00eda, Ingenier\u00eda y Matem\u00e1ticas (STEM, por sus siglas en ingl\u00e9s). La Universidad de Colima, a trav\u00e9s de la Coordinaci\u00f3n General de Docencia, la Direcci\u00f3n General&#8230;<\/p>\n","protected":false},"author":2,"featured_media":32453,"comment_status":"closed","ping_status":"open","sticky":false,"template":"","format":"standard","meta":{"footnotes":""},"categories":[14],"tags":[29,30,28],"class_list":["post-32452","post","type-post","status-publish","format-standard","has-post-thumbnail","hentry","category-educacion-y-cultura","tag-grid","tag-news","tag-slider"],"_links":{"self":[{"href":"http:\/\/elobservatorio.com.mx\/index.php?rest_route=\/wp\/v2\/posts\/32452"}],"collection":[{"href":"http:\/\/elobservatorio.com.mx\/index.php?rest_route=\/wp\/v2\/posts"}],"about":[{"href":"http:\/\/elobservatorio.com.mx\/index.php?rest_route=\/wp\/v2\/types\/post"}],"author":[{"embeddable":true,"href":"http:\/\/elobservatorio.com.mx\/index.php?rest_route=\/wp\/v2\/users\/2"}],"replies":[{"embeddable":true,"href":"http:\/\/elobservatorio.com.mx\/index.php?rest_route=%2Fwp%2Fv2%2Fcomments&post=32452"}],"version-history":[{"count":1,"href":"http:\/\/elobservatorio.com.mx\/index.php?rest_route=\/wp\/v2\/posts\/32452\/revisions"}],"predecessor-version":[{"id":32454,"href":"http:\/\/elobservatorio.com.mx\/index.php?rest_route=\/wp\/v2\/posts\/32452\/revisions\/32454"}],"wp:featuredmedia":[{"embeddable":true,"href":"http:\/\/elobservatorio.com.mx\/index.php?rest_route=\/wp\/v2\/media\/32453"}],"wp:attachment":[{"href":"http:\/\/elobservatorio.com.mx\/index.php?rest_route=%2Fwp%2Fv2%2Fmedia&parent=32452"}],"wp:term":[{"taxonomy":"category","embeddable":true,"href":"http:\/\/elobservatorio.com.mx\/index.php?rest_route=%2Fwp%2Fv2%2Fcategories&post=32452"},{"taxonomy":"post_tag","embeddable":true,"href":"http:\/\/elobservatorio.com.mx\/index.php?rest_route=%2Fwp%2Fv2%2Ftags&post=32452"}],"curies":[{"name":"wp","href":"https:\/\/api.w.org\/{rel}","templated":true}]}}