{"id":32455,"date":"2025-04-10T00:53:14","date_gmt":"2025-04-10T06:53:14","guid":{"rendered":"http:\/\/elobservatorio.com.mx\/?p=32455"},"modified":"2025-04-10T00:53:14","modified_gmt":"2025-04-10T06:53:14","slug":"sonora-dinamita-mp5-norteno-y-gazconcillo-estaran-en-caleras-en-baile-con-causa","status":"publish","type":"post","link":"http:\/\/elobservatorio.com.mx\/?p=32455","title":{"rendered":"Sonora Dinamita, MP5 Norte\u00f1o y Gazconcillo, estar\u00e1n  en Caleras en \u00abbaile con causa\u00bb"},"content":{"rendered":"<p><em>* La fundaci\u00f3n Vidrio Figueroa\u00bb que agrupa a personas con alguna discapacidad en Tecom\u00e1n, organiza baile para apoyar al compa\u00f1ero Antonio Mart\u00ednez G\u00f3mez quien es candidato a pr\u00f3tesis de piernas y requiere apoyo econ\u00f3mico para sus citas a Jalisco para recibir\u00a0 sus terapias\u00a0<\/em><\/p>\n<p>Tecom\u00e1n Col.- Este s\u00e1bado 12 de abril en la comunidad de Caleras se realizar\u00e1 un \u00abbaile con causa\u00bb con el objetivo de racabar fondos para apoyar a Antonio Mart\u00ednez G\u00f3mez, un ciudadano y exlocutor de radio en el municipio,\u00a0 que est\u00e1 amputado de sus dos piernas y es candidato a recibir sus pr\u00f3tesis, por lo que requiere de recursos econ\u00f3micos para asistir a la ciudad de Zapopan Jalisco a dos terapias que tiene que cumplir antes de que se las pongan.<\/p>\n<p>Como grupo estelar estar\u00e1 la Internacional<strong> Sonora Dinamita<\/strong>, abrir\u00e1 el baile el grupo orgullosamente tecomense, <strong>MP 5 Norte\u00f1o<\/strong> y sin faltar la herencia de la dinastia chicana, <strong>Gazconcillo. <\/strong>Entrada general son cien pesos, el baile iniciar\u00e1 a las 9 de la noche y concluir\u00e1 a las dos de la ma\u00f1ana.<\/p>\n<p>La venta de boletos se est\u00e1 llevando a cabo en los siguientes puntos de ventas:<\/p>\n<p><strong>En Madrid<\/strong><\/p>\n<p>Con Mario Ram\u00edrez de la Mora coal tel\u00e9fono 313 147 8665<\/p>\n<p><strong>En Caleras<\/strong><\/p>\n<p>En la H. Junta Mpal de la comunidad, Abarrotes de los Santos, Dep\u00f3sito de Coquina (Salida a Madrid) y con Chilpo Aguayo<\/p>\n<p><strong>Tecolapa<\/strong><\/p>\n<p>Abarrotes Rub\u00ed<\/p>\n<p><strong>Tecom\u00e1n<\/strong><\/p>\n<p>Con Antonio Mart\u00ednez al celular 313 143 2410, Estancia Infantil Sor Juana en calle La Rosa # 691 Col Sor Juana<\/p>\n<p><strong>Cerro de Ortega<\/strong><\/p>\n<p>Con el Regidor Jorge Gonz\u00e1lez<\/p>\n<p><strong>C\u00e9sar Castillo<\/strong>, integrante de la Fundaci\u00f3n Vidrio Figueroa agradeci\u00f3 el apoyo de las personas que se han sumado a esta noble causa y anunci\u00f3 una serie de eventos en colonias y comunidades de Tecom\u00e1n con el objetivo de seguir recabando recursos para las necesidades que enfrentan los integrantes de dicha asociaci\u00f3n.<\/p>\n<p>Por su parte Antonio Mart\u00ednez agradeci\u00f3 el apoyo del alcalde de los grupos musicales que se sumaron, as\u00ed como de la autoridad municipal de Tecom\u00e1n , el alcalde Armando Reyna por las facilidades otorgadas a la asociaci\u00f3n para la realizaci\u00f3n de dicho evento, dando con ello el primer paso de los muchos que vienen.<\/p>\n<p>Asimismo la coordinaci\u00f3n con la presidenta de la H. Junta Municipal de Caleras, Marisol Pano por sumarse y facilitar las instalaciones de la cancha techada de la comunidad para la realizaci\u00f3n de dicho baile, ya que adem\u00e1s estos eventos con causa vienen a darle vida y alegria a las familias y gente de la comunidad de Caleras.<\/p>\n<p>&nbsp;<\/p>\n","protected":false},"excerpt":{"rendered":"<p>* La fundaci\u00f3n Vidrio Figueroa\u00bb que agrupa a personas con alguna discapacidad en Tecom\u00e1n, organiza baile para apoyar al compa\u00f1ero Antonio Mart\u00ednez G\u00f3mez quien es candidato a pr\u00f3tesis de piernas y requiere apoyo econ\u00f3mico para sus citas a Jalisco para recibir\u00a0 sus terapias\u00a0 Tecom\u00e1n Col.- Este s\u00e1bado 12 de abril en la comunidad de Caleras&#8230;<\/p>\n","protected":false},"author":2,"featured_media":32456,"comment_status":"closed","ping_status":"open","sticky":false,"template":"","format":"standard","meta":{"footnotes":""},"categories":[8,32,34],"tags":[29,30,28],"class_list":["post-32455","post","type-post","status-publish","format-standard","has-post-thumbnail","hentry","category-municipios","category-escenario","category-tecoman","tag-grid","tag-news","tag-slider"],"_links":{"self":[{"href":"http:\/\/elobservatorio.com.mx\/index.php?rest_route=\/wp\/v2\/posts\/32455"}],"collection":[{"href":"http:\/\/elobservatorio.com.mx\/index.php?rest_route=\/wp\/v2\/posts"}],"about":[{"href":"http:\/\/elobservatorio.com.mx\/index.php?rest_route=\/wp\/v2\/types\/post"}],"author":[{"embeddable":true,"href":"http:\/\/elobservatorio.com.mx\/index.php?rest_route=\/wp\/v2\/users\/2"}],"replies":[{"embeddable":true,"href":"http:\/\/elobservatorio.com.mx\/index.php?rest_route=%2Fwp%2Fv2%2Fcomments&post=32455"}],"version-history":[{"count":1,"href":"http:\/\/elobservatorio.com.mx\/index.php?rest_route=\/wp\/v2\/posts\/32455\/revisions"}],"predecessor-version":[{"id":32457,"href":"http:\/\/elobservatorio.com.mx\/index.php?rest_route=\/wp\/v2\/posts\/32455\/revisions\/32457"}],"wp:featuredmedia":[{"embeddable":true,"href":"http:\/\/elobservatorio.com.mx\/index.php?rest_route=\/wp\/v2\/media\/32456"}],"wp:attachment":[{"href":"http:\/\/elobservatorio.com.mx\/index.php?rest_route=%2Fwp%2Fv2%2Fmedia&parent=32455"}],"wp:term":[{"taxonomy":"category","embeddable":true,"href":"http:\/\/elobservatorio.com.mx\/index.php?rest_route=%2Fwp%2Fv2%2Fcategories&post=32455"},{"taxonomy":"post_tag","embeddable":true,"href":"http:\/\/elobservatorio.com.mx\/index.php?rest_route=%2Fwp%2Fv2%2Ftags&post=32455"}],"curies":[{"name":"wp","href":"https:\/\/api.w.org\/{rel}","templated":true}]}}