{"id":32463,"date":"2025-04-14T19:09:20","date_gmt":"2025-04-15T01:09:20","guid":{"rendered":"http:\/\/elobservatorio.com.mx\/?p=32463"},"modified":"2025-04-14T19:09:20","modified_gmt":"2025-04-15T01:09:20","slug":"iee-colima-aprueba-cuenta-publica-de-marzo-ampliacion-al-presupuesto-y-firma-de-convenio-con-osafig","status":"publish","type":"post","link":"http:\/\/elobservatorio.com.mx\/?p=32463","title":{"rendered":"IEE Colima aprueba cuenta p\u00fablica de marzo, ampliaci\u00f3n al presupuesto y firma de convenio con Osafig"},"content":{"rendered":"<p>Adem\u00e1s de aprobar la cuenta p\u00fablica correspondiente al mes de marzo de este a\u00f1o, el Consejo General del Instituto Electoral del Estado de Colima (IEE) determin\u00f3 ampliaci\u00f3n al Presupuesto de Ingresos y asignaci\u00f3n de recursos al Presupuesto de Egresos del presente ejercicio 2025, con la intenci\u00f3n de dar suficiencia para cumplir los compromisos derivados del Proceso Electoral Extraordinario del Poder Judicial del Estado 2025.<\/p>\n<p>En el marco de la Segunda Sesi\u00f3n Ordinaria del Periodo Interproceso 2024-2026, las y los integrantes del \u00d3rgano Superior de Direcci\u00f3n aprobaron el incremento y transferencias presupuestales entre partidas, para las compras y pagos que se requieren en t\u00e9rminos de materiales y suministros, y servicios generales.<\/p>\n<p>En cumplimiento de otro de los puntos incluidos en el orden del d\u00eda de la sesi\u00f3n, las y los integrantes del Consejo General tambi\u00e9n aprobaron autorizar al Consejero Presidente Provisional del IEE, Juan Ram\u00edrez Ramos; y al titular de la Secretar\u00eda Ejecutiva, firmar un Convenio de Colaboraci\u00f3n con el \u00d3rgano Superior de Auditor\u00eda y Fiscalizaci\u00f3n Gubernamental (Osafig).<\/p>\n<p>Con este instrumento se busca que Osafig otorgue al Instituto la concesi\u00f3n de licencia del Sistema de Declaraci\u00f3n Patrimonial y de Intereses (SiDePat), as\u00ed como el c\u00f3digo fuente de los programas que lo integran, a efecto de que las y los servidores p\u00fablicos del IEE puedan cumplir con la presentaci\u00f3n anual de sus declaraciones patrimoniales.<\/p>\n","protected":false},"excerpt":{"rendered":"<p>Adem\u00e1s de aprobar la cuenta p\u00fablica correspondiente al mes de marzo de este a\u00f1o, el Consejo General del Instituto Electoral del Estado de Colima (IEE) determin\u00f3 ampliaci\u00f3n al Presupuesto de Ingresos y asignaci\u00f3n de recursos al Presupuesto de Egresos del presente ejercicio 2025, con la intenci\u00f3n de dar suficiencia para cumplir los compromisos derivados del&#8230;<\/p>\n","protected":false},"author":2,"featured_media":32464,"comment_status":"closed","ping_status":"open","sticky":false,"template":"","format":"standard","meta":{"footnotes":""},"categories":[12],"tags":[29,30,28],"class_list":["post-32463","post","type-post","status-publish","format-standard","has-post-thumbnail","hentry","category-sociedad","tag-grid","tag-news","tag-slider"],"_links":{"self":[{"href":"http:\/\/elobservatorio.com.mx\/index.php?rest_route=\/wp\/v2\/posts\/32463"}],"collection":[{"href":"http:\/\/elobservatorio.com.mx\/index.php?rest_route=\/wp\/v2\/posts"}],"about":[{"href":"http:\/\/elobservatorio.com.mx\/index.php?rest_route=\/wp\/v2\/types\/post"}],"author":[{"embeddable":true,"href":"http:\/\/elobservatorio.com.mx\/index.php?rest_route=\/wp\/v2\/users\/2"}],"replies":[{"embeddable":true,"href":"http:\/\/elobservatorio.com.mx\/index.php?rest_route=%2Fwp%2Fv2%2Fcomments&post=32463"}],"version-history":[{"count":1,"href":"http:\/\/elobservatorio.com.mx\/index.php?rest_route=\/wp\/v2\/posts\/32463\/revisions"}],"predecessor-version":[{"id":32465,"href":"http:\/\/elobservatorio.com.mx\/index.php?rest_route=\/wp\/v2\/posts\/32463\/revisions\/32465"}],"wp:featuredmedia":[{"embeddable":true,"href":"http:\/\/elobservatorio.com.mx\/index.php?rest_route=\/wp\/v2\/media\/32464"}],"wp:attachment":[{"href":"http:\/\/elobservatorio.com.mx\/index.php?rest_route=%2Fwp%2Fv2%2Fmedia&parent=32463"}],"wp:term":[{"taxonomy":"category","embeddable":true,"href":"http:\/\/elobservatorio.com.mx\/index.php?rest_route=%2Fwp%2Fv2%2Fcategories&post=32463"},{"taxonomy":"post_tag","embeddable":true,"href":"http:\/\/elobservatorio.com.mx\/index.php?rest_route=%2Fwp%2Fv2%2Ftags&post=32463"}],"curies":[{"name":"wp","href":"https:\/\/api.w.org\/{rel}","templated":true}]}}