{"id":32467,"date":"2025-04-17T13:50:55","date_gmt":"2025-04-17T19:50:55","guid":{"rendered":"https:\/\/elobservatorio.com.mx\/?p=32467"},"modified":"2025-04-17T13:50:55","modified_gmt":"2025-04-17T19:50:55","slug":"riult-rivera-impulsa-capacitaciones-y-proximos-protocolos-de-prevencion-de-violencia","status":"publish","type":"post","link":"http:\/\/elobservatorio.com.mx\/?p=32467","title":{"rendered":"Riult Rivera impulsa capacitaciones y pr\u00f3ximos protocolos de prevenci\u00f3n de violencia"},"content":{"rendered":"<p><strong>*Presidente Riult Rivera impulsa capacitaciones y pr\u00f3ximos protocolos de prevenci\u00f3n de violencia en el Ayuntamiento de Colima.<\/strong><\/p>\n<p>Colima, Col., 17 de abril de 2025 \u2013 Con el firme prop\u00f3sito de consolidar una administraci\u00f3n basada en el respeto, la equidad y la seguridad, el Presidente Municipal de Colima, Riult\u202fRivera, anunci\u00f3 hoy, en sesi\u00f3n de Cabildo, dos iniciativas clave para reforzar la cultura de cero tolerancia a la violencia al interior del gobierno municipal:<\/p>\n<p>&#8211; Programa de capacitaciones obligatorias para todas y todos los servidores p\u00fablicos del Ayuntamiento, con m\u00f3dulos de perspectiva de g\u00e9nero, violencia de g\u00e9nero, lenguaje incluyente y masculinidades positivas.<\/p>\n<p>&#8211; Implementaci\u00f3n pronta de los protocolos de prevenci\u00f3n, detecci\u00f3n y actuaci\u00f3n en casos de violencia, construidos de manera participativa con colectivos de mujeres y la ACU.<\/p>\n<p>\u201cQueremos que en cada oficina, en cada dependencia, el respeto sea la norma y no la excepci\u00f3n. Estas capacitaciones y protocolos son pasos decisivos para fortalecer una cultura municipal libre de violencia y discriminaci\u00f3n\u201d, afirm\u00f3 Rivera durante la presentaci\u00f3n en el Palacio Municipal.<\/p>\n<p>Buenas noticias para Colima. Recientemente, el alcalde sostuvo mesas de trabajo con diversas organizaciones civiles y colectivos de mujeres, incluyendo a la ACU, con el fin de dise\u00f1ar de manera conjunta los protocolos de prevenci\u00f3n, detecci\u00f3n y actuaci\u00f3n en casos de violencia.<\/p>\n<p>\u201cEn la reuni\u00f3n que tuvimos con los colectivos, pactamos con la ACU, especialmente, comenzar la implementaci\u00f3n de estos protocolos; as\u00ed garantizamos que respondan a las necesidades reales de la ciudadan\u00eda\u201d, explic\u00f3 Rivera.<\/p>\n<p>Estos protocolos definir\u00e1n rutas claras de atenci\u00f3n y denuncia, establecer\u00e1n criterios de urgencia y asignaci\u00f3n de responsabilidades, y fijar\u00e1n mecanismos de seguimiento para asegurar que cada incidente sea atendido de forma \u00e1gil y eficiente.<\/p>\n<p>Las capacitaciones ser\u00e1n sobre los siguientes temas.<\/p>\n<p>&#8211; Perspectiva de g\u00e9nero: Incorporar un enfoque que reconozca las diferencias socioecon\u00f3micas y culturales entre mujeres, hombres y personas diversas.<\/p>\n<p>&#8211; Violencia de g\u00e9nero: Identificar tipos de violencia (f\u00edsica, psicol\u00f3gica, econ\u00f3mica y simb\u00f3lica) y conocer protocolos de atenci\u00f3n y denuncia.<\/p>\n<p>&#8211; Lenguaje incluyente: Sustituir expresiones sexistas por un vocabulario que refleje la pluralidad de la ciudadan\u00eda.<\/p>\n<p>&#8211; Masculinidades positivas: Din\u00e1micas para explorar modelos de masculinidad basados en empat\u00eda, corresponsabilidad y no violencia.<\/p>\n<p>Para el alcalde Riult Rivera, la formaci\u00f3n y los nuevos protocolos no solo responden a una obligaci\u00f3n legal, sino a un compromiso \u00e9tico con la ciudadan\u00eda:<\/p>\n<p>\u201cEn Colima, el gobierno debe ser el primer ejemplo de tolerancia, buen trato y protecci\u00f3n. Solo as\u00ed podremos servir mejor a las familias colimenses\u201d.<\/p>\n<p>Con estas acciones, el Ayuntamiento de Colima refuerza su pol\u00edtica de cero tolerancia a la violencia y apuesta por una cultura de respeto e inclusi\u00f3n que trascienda las oficinas p\u00fablicas y se refleje en cada rinc\u00f3n de la capital del estado.<\/p>\n","protected":false},"excerpt":{"rendered":"<p>*Presidente Riult Rivera impulsa capacitaciones y pr\u00f3ximos protocolos de prevenci\u00f3n de violencia en el Ayuntamiento de Colima. Colima, Col., 17 de abril de 2025 \u2013 Con el firme prop\u00f3sito de consolidar una administraci\u00f3n basada en el respeto, la equidad y la seguridad, el Presidente Municipal de Colima, Riult\u202fRivera, anunci\u00f3 hoy, en sesi\u00f3n de Cabildo, dos&#8230;<\/p>\n","protected":false},"author":6,"featured_media":32468,"comment_status":"closed","ping_status":"open","sticky":false,"template":"","format":"standard","meta":{"footnotes":""},"categories":[8,36],"tags":[29,30,28],"class_list":["post-32467","post","type-post","status-publish","format-standard","has-post-thumbnail","hentry","category-municipios","category-colima","tag-grid","tag-news","tag-slider"],"_links":{"self":[{"href":"http:\/\/elobservatorio.com.mx\/index.php?rest_route=\/wp\/v2\/posts\/32467"}],"collection":[{"href":"http:\/\/elobservatorio.com.mx\/index.php?rest_route=\/wp\/v2\/posts"}],"about":[{"href":"http:\/\/elobservatorio.com.mx\/index.php?rest_route=\/wp\/v2\/types\/post"}],"author":[{"embeddable":true,"href":"http:\/\/elobservatorio.com.mx\/index.php?rest_route=\/wp\/v2\/users\/6"}],"replies":[{"embeddable":true,"href":"http:\/\/elobservatorio.com.mx\/index.php?rest_route=%2Fwp%2Fv2%2Fcomments&post=32467"}],"version-history":[{"count":1,"href":"http:\/\/elobservatorio.com.mx\/index.php?rest_route=\/wp\/v2\/posts\/32467\/revisions"}],"predecessor-version":[{"id":32469,"href":"http:\/\/elobservatorio.com.mx\/index.php?rest_route=\/wp\/v2\/posts\/32467\/revisions\/32469"}],"wp:featuredmedia":[{"embeddable":true,"href":"http:\/\/elobservatorio.com.mx\/index.php?rest_route=\/wp\/v2\/media\/32468"}],"wp:attachment":[{"href":"http:\/\/elobservatorio.com.mx\/index.php?rest_route=%2Fwp%2Fv2%2Fmedia&parent=32467"}],"wp:term":[{"taxonomy":"category","embeddable":true,"href":"http:\/\/elobservatorio.com.mx\/index.php?rest_route=%2Fwp%2Fv2%2Fcategories&post=32467"},{"taxonomy":"post_tag","embeddable":true,"href":"http:\/\/elobservatorio.com.mx\/index.php?rest_route=%2Fwp%2Fv2%2Ftags&post=32467"}],"curies":[{"name":"wp","href":"https:\/\/api.w.org\/{rel}","templated":true}]}}