{"id":32470,"date":"2025-04-23T12:08:03","date_gmt":"2025-04-23T18:08:03","guid":{"rendered":"http:\/\/elobservatorio.com.mx\/?p=32470"},"modified":"2025-04-23T12:08:03","modified_gmt":"2025-04-23T18:08:03","slug":"avanza-la-rehabilitacion-de-la-glorieta-griselda-alvarez-dentro-del-programa-de-embellecimiento-urbano","status":"publish","type":"post","link":"http:\/\/elobservatorio.com.mx\/?p=32470","title":{"rendered":"Avanza la rehabilitaci\u00f3n de la glorieta Griselda \u00c1lvarez dentro del programa de embellecimiento urbano"},"content":{"rendered":"<p>Colima, Col., 23 de abril de 2025. Como parte del programa de embellecimiento de la ciudad impulsado por el presidente municipal Riult Rivera, contin\u00faan a buen ritmo los trabajos de rehabilitaci\u00f3n en la glorieta Griselda \u00c1lvarez y en diversos camellones de la capital. Durante esta primera etapa, las cuadrillas municipales se concentran en el retiro de tierra y c\u00e9sped envejecido, la preparaci\u00f3n del terreno y la adecuaci\u00f3n de los sistemas de riego para garantizar el arraigo y crecimiento de la nueva vegetaci\u00f3n.<\/p>\n<p>\u201cLa intenci\u00f3n es transformar estos espacios p\u00fablicos en \u00e1reas verdes seguras, modernas y funcionales para nuestras familias. No descansamos porque sabemos que el orgullo por nuestra ciudad se construye d\u00eda a d\u00eda, jard\u00edn a jard\u00edn\u201d, se\u00f1al\u00f3 el presidente municipal Riult Rivera.<\/p>\n<p>Actualmente, en la glorieta Griselda \u00c1lvarez se trabaja en las siguientes acciones:<br \/>\n\u2022 Retiro de la capa superficial de pasto desgastado<br \/>\n\u2022 Nivelaci\u00f3n del terreno y acondicionamiento del subsuelo<br \/>\n\u2022 Colocaci\u00f3n de tuber\u00edas y aspersores de \u00faltima generaci\u00f3n<br \/>\n\u2022 Pruebas de funcionamiento para optimizar el consumo de agua<\/p>\n<p>Paralelamente, brigadas municipales intervienen los camellones principales de la ciudad, donde realizan labores similares de remoci\u00f3n de vegetaci\u00f3n antigua, instalaci\u00f3n de riego y plantaci\u00f3n de nuevos elementos verdes. Adem\u00e1s, se rehabilita el alumbrado p\u00fablico con luminarias.<\/p>\n<p>El Ayuntamiento de Colima mantiene el compromiso de concluir estas primeras fases de rehabilitaci\u00f3n para dar paso a nuevas intervenciones en glorietas y camellones de otras zonas de la ciudad. Con ello, reafirma su apuesta por un Colima m\u00e1s limpio, verde y seguro para todas y todos.<\/p>\n","protected":false},"excerpt":{"rendered":"<p>Colima, Col., 23 de abril de 2025. Como parte del programa de embellecimiento de la ciudad impulsado por el presidente municipal Riult Rivera, contin\u00faan a buen ritmo los trabajos de rehabilitaci\u00f3n en la glorieta Griselda \u00c1lvarez y en diversos camellones de la capital. Durante esta primera etapa, las cuadrillas municipales se concentran en el retiro&#8230;<\/p>\n","protected":false},"author":2,"featured_media":32471,"comment_status":"closed","ping_status":"open","sticky":false,"template":"","format":"standard","meta":{"footnotes":""},"categories":[8,36],"tags":[29,30,28],"class_list":["post-32470","post","type-post","status-publish","format-standard","has-post-thumbnail","hentry","category-municipios","category-colima","tag-grid","tag-news","tag-slider"],"_links":{"self":[{"href":"http:\/\/elobservatorio.com.mx\/index.php?rest_route=\/wp\/v2\/posts\/32470"}],"collection":[{"href":"http:\/\/elobservatorio.com.mx\/index.php?rest_route=\/wp\/v2\/posts"}],"about":[{"href":"http:\/\/elobservatorio.com.mx\/index.php?rest_route=\/wp\/v2\/types\/post"}],"author":[{"embeddable":true,"href":"http:\/\/elobservatorio.com.mx\/index.php?rest_route=\/wp\/v2\/users\/2"}],"replies":[{"embeddable":true,"href":"http:\/\/elobservatorio.com.mx\/index.php?rest_route=%2Fwp%2Fv2%2Fcomments&post=32470"}],"version-history":[{"count":1,"href":"http:\/\/elobservatorio.com.mx\/index.php?rest_route=\/wp\/v2\/posts\/32470\/revisions"}],"predecessor-version":[{"id":32472,"href":"http:\/\/elobservatorio.com.mx\/index.php?rest_route=\/wp\/v2\/posts\/32470\/revisions\/32472"}],"wp:featuredmedia":[{"embeddable":true,"href":"http:\/\/elobservatorio.com.mx\/index.php?rest_route=\/wp\/v2\/media\/32471"}],"wp:attachment":[{"href":"http:\/\/elobservatorio.com.mx\/index.php?rest_route=%2Fwp%2Fv2%2Fmedia&parent=32470"}],"wp:term":[{"taxonomy":"category","embeddable":true,"href":"http:\/\/elobservatorio.com.mx\/index.php?rest_route=%2Fwp%2Fv2%2Fcategories&post=32470"},{"taxonomy":"post_tag","embeddable":true,"href":"http:\/\/elobservatorio.com.mx\/index.php?rest_route=%2Fwp%2Fv2%2Ftags&post=32470"}],"curies":[{"name":"wp","href":"https:\/\/api.w.org\/{rel}","templated":true}]}}