{"id":32481,"date":"2025-04-28T20:51:15","date_gmt":"2025-04-29T02:51:15","guid":{"rendered":"http:\/\/elobservatorio.com.mx\/?p=32481"},"modified":"2025-04-28T20:56:46","modified_gmt":"2025-04-29T02:56:46","slug":"instruye-alcalde-riult-rivera-realizar-el-embellecimiento-de-las-areas-publicas-infantiles-en-el-alpuyequito","status":"publish","type":"post","link":"http:\/\/elobservatorio.com.mx\/?p=32481","title":{"rendered":"Por instrucciones del alcalde Riult Rivera, se realiza el embellecimiento de las \u00e1reas p\u00fablicas infantiles en El Alpuyequito"},"content":{"rendered":"<p><em>*Personal de la Direcci\u00f3n de Desarrollo Rural y Social y la Jefatura de Vinculaci\u00f3n del Ayuntamiento de Colima, llevaron a cabo los trabajos de rehabilitaci\u00f3n de los juegos.<\/em><\/p>\n<p>Colima, Col., 28 de abril de 2025.-Como parte de las acciones que ha estado emprendiendo el Ayuntamiento de Colima, que preside Riult Rivera Guti\u00e9rrez, para rehabilitar los parques, Jardines y \u00e1reas recreativas, personal del Ayuntamiento realiz\u00f3 acciones en los juegos infantiles de la comunidad de El Alpuyequito.<\/p>\n<p>Atendiendo las instrucciones del presidente municipal de Colima, personal de la Direcci\u00f3n de Servicios P\u00fablicos, realizaron la pintura de los juegos infantiles a fin de que las ni\u00f1as y los ni\u00f1os cuenten con espacios dignos para su sano esparcimiento.<\/p>\n<p>El Presidente Riult Rivera Guti\u00e9rrez, ha adquirido el compromiso de rehabilitar los espacios p\u00fablicos y recreativos a fin de recuperarlos para que sean disfrutados por las familias enteras.<\/p>\n<p>En los trabajos realizados en El Alpuyequito estuvieron participando los equipos de la Direcci\u00f3n de Desarrollo Rural y Social y la Jefatura de Vinculaci\u00f3n del Ayuntamiento de Colima, atendiendo la instrucci\u00f3n del alcalde Riult Rivera, de trabajar en la construcci\u00f3n de un Nuevo Colima, donde inclusi\u00f3n sea una realidad y que todas las ni\u00f1as, los ni\u00f1os y las familias en general disfruten de ambientes m\u00e1s favorables.<\/p>\n","protected":false},"excerpt":{"rendered":"<p>*Personal de la Direcci\u00f3n de Desarrollo Rural y Social y la Jefatura de Vinculaci\u00f3n del Ayuntamiento de Colima, llevaron a cabo los trabajos de rehabilitaci\u00f3n de los juegos. Colima, Col., 28 de abril de 2025.-Como parte de las acciones que ha estado emprendiendo el Ayuntamiento de Colima, que preside Riult Rivera Guti\u00e9rrez, para rehabilitar los&#8230;<\/p>\n","protected":false},"author":2,"featured_media":32482,"comment_status":"closed","ping_status":"open","sticky":false,"template":"","format":"standard","meta":{"footnotes":""},"categories":[8,36],"tags":[29,30,28],"class_list":["post-32481","post","type-post","status-publish","format-standard","has-post-thumbnail","hentry","category-municipios","category-colima","tag-grid","tag-news","tag-slider"],"_links":{"self":[{"href":"http:\/\/elobservatorio.com.mx\/index.php?rest_route=\/wp\/v2\/posts\/32481"}],"collection":[{"href":"http:\/\/elobservatorio.com.mx\/index.php?rest_route=\/wp\/v2\/posts"}],"about":[{"href":"http:\/\/elobservatorio.com.mx\/index.php?rest_route=\/wp\/v2\/types\/post"}],"author":[{"embeddable":true,"href":"http:\/\/elobservatorio.com.mx\/index.php?rest_route=\/wp\/v2\/users\/2"}],"replies":[{"embeddable":true,"href":"http:\/\/elobservatorio.com.mx\/index.php?rest_route=%2Fwp%2Fv2%2Fcomments&post=32481"}],"version-history":[{"count":3,"href":"http:\/\/elobservatorio.com.mx\/index.php?rest_route=\/wp\/v2\/posts\/32481\/revisions"}],"predecessor-version":[{"id":32485,"href":"http:\/\/elobservatorio.com.mx\/index.php?rest_route=\/wp\/v2\/posts\/32481\/revisions\/32485"}],"wp:featuredmedia":[{"embeddable":true,"href":"http:\/\/elobservatorio.com.mx\/index.php?rest_route=\/wp\/v2\/media\/32482"}],"wp:attachment":[{"href":"http:\/\/elobservatorio.com.mx\/index.php?rest_route=%2Fwp%2Fv2%2Fmedia&parent=32481"}],"wp:term":[{"taxonomy":"category","embeddable":true,"href":"http:\/\/elobservatorio.com.mx\/index.php?rest_route=%2Fwp%2Fv2%2Fcategories&post=32481"},{"taxonomy":"post_tag","embeddable":true,"href":"http:\/\/elobservatorio.com.mx\/index.php?rest_route=%2Fwp%2Fv2%2Ftags&post=32481"}],"curies":[{"name":"wp","href":"https:\/\/api.w.org\/{rel}","templated":true}]}}