{"id":32503,"date":"2025-05-05T21:23:52","date_gmt":"2025-05-06T03:23:52","guid":{"rendered":"http:\/\/elobservatorio.com.mx\/?p=32503"},"modified":"2025-05-05T21:23:52","modified_gmt":"2025-05-06T03:23:52","slug":"rector-anuncia-18-eventos-para-celebrar-el-85-aniversario-de-la-udec","status":"publish","type":"post","link":"http:\/\/elobservatorio.com.mx\/?p=32503","title":{"rendered":"Rector anuncia 18 eventos para celebrar el 85 aniversario de la UdeC"},"content":{"rendered":"<p><em>*Destacan; la conferencia internacional ANUIES, la entrega del Doctorado Honoris Causa al escritor Juan Villoro y una ceremonia institucional conmemorativa del 85 aniversario de la UdeC, el pr\u00f3ximo 12 de septiembre.<\/em><\/p>\n<p><em>\u00a0<\/em>La ma\u00f1ana de este lunes, en rueda de prensa realizada en el Archivo Hist\u00f3rico de la Universidad de Colima (UdeC), el rector Christian Jorge Torres Ortiz Zerme\u00f1o anunci\u00f3 los 18 eventos que se llevar\u00e1n a cabo para celebrar el 85 aniversario de esta casa de estudios.<\/p>\n<p>La UdeC cumplir\u00e1 85 a\u00f1os el pr\u00f3ximo 16 de septiembre, record\u00f3 el rector, y dijo que los festejos iniciar\u00e1n en mayo, con actividades diversas que incluyen las tres funciones sustantivas de la instituci\u00f3n: academia, investigaci\u00f3n y extensi\u00f3n.<\/p>\n<p>Entre las 18 actividades, destaca la primera reuni\u00f3n internacional de la ANUIES los d\u00edas 11, 12 y 13 de noviembre, en Manzanillo. \u00c9sta es la primera vez que la UdeC ser\u00e1 sede de una reuni\u00f3n internacional como \u00e9sta, que tendr\u00e1 como pa\u00eds invitado al Reino Unido, y en la que participar\u00e1n varias universidades de alrededor de 20 pa\u00edses, adem\u00e1s de M\u00e9xico.<\/p>\n<p>Destacan tambi\u00e9n la entrega del Doctorado Honoris Causa al escritor Juan Villoro el 27 de agosto, en el Teatro Universitario, y una ceremonia conmemorativa del 85 aniversario el pr\u00f3ximo 12 de septiembre.<\/p>\n<p>La primera actividad de los festejos se realizar\u00e1 el pr\u00f3ximo 21 de mayo, con la inauguraci\u00f3n del Foro Nacional de Econom\u00eda Circular, que tendr\u00e1 como temas centrales la econom\u00eda circular, sostenibilidad, innovaci\u00f3n y pol\u00edticas p\u00fablicas. El segundo evento ser\u00e1 el denominado Premio FEC al m\u00e9rito estudiantil, el cual se llevar\u00e1 a cabo el 27 de mayo.<\/p>\n<p>Como tercer evento conmemorativo, el 27 de agosto, en el Teatro Universitario de esta Casa de Estudios, se entregar\u00e1 el Doctorado Honoris Causa al escritor mexicano Juan Villoro Ruiz. Adem\u00e1s, el 8 de septiembre se otorgar\u00e1 otro Doctorado Honoris Causa, esta vez al destacado ingeniero civil y cient\u00edfico en computaci\u00f3n, Carlos Artemio Coello.<\/p>\n<p>En la ceremonia institucional conmemorativa del 85 aniversario, se proyectar\u00e1 un video institucional que documenta los 85 a\u00f1os de historia de la instituci\u00f3n, adem\u00e1s de la presentaci\u00f3n de un libro digital conmemorativo y una versi\u00f3n impresa del peri\u00f3dico <em>El Comentario<\/em>, alusiva tambi\u00e9n al 85 aniversario. Durante este mes, adem\u00e1s, se llevar\u00e1 a cabo el segundo encuentro de mujeres senderistas en Aguadulce, Villa de \u00c1lvarez.<\/p>\n<p>En octubre se realizar\u00e1n el Congreso Internacional \u00c9tica, Paz y Medio Ambiente, la ya tradicional Carrera FEUC -en su onceava edici\u00f3n-, la entrega del reconocimiento Por la Generosidad Compartida, que otorga Asociaci\u00f3n de Jubilados y Pensionados, y el foro de Investigaci\u00f3n Universitaria como Eje Transformador en Colima, modalidad 3M.<\/p>\n<p>En noviembre destaca la conferencia internacional ANUIES, de la cual ser\u00e1 sede la Universidad de Colima desde el puerto de Manzanillo. \u201cEs una conferencia que convoca a toda la membres\u00eda de ANUIES, que hoy en d\u00eda somos 246 instituciones de educaci\u00f3n superior, pero al ser internacional tambi\u00e9n convoca a universidades de diferentes pa\u00edses del mundo. El pa\u00eds invitado es Reino Unido. Es un evento de primer nivel y de mucha importancia para el estado y para nuestra Universidad\u201d, coment\u00f3 el rector.<\/p>\n<p>Otor evento trascendente en noviembre es Un D\u00eda para Donar, que tendr\u00e1 su cierre el d\u00eda 21 de ese mes. \u201cComo recordaran, Un D\u00eda para Donar fue una idea que surge desde la Universidad para invitar a la comunidad universitaria y a la sociedad en general a que se sume con una donaci\u00f3n o un apoyo para realizar una obra en nuestra instituci\u00f3n\u201d. Con el primer recurso obtenido el a\u00f1o pasado se construye una cancha de Handball.<\/p>\n<p>Como parte tambi\u00e9n de los festejos, el 22 de noviembre se realizar\u00e1 la marcha conmemorativa por el 45 aniversario del Sindicato \u00danico de Trabajadores de la Universidad de Colima (SUTUC). Adem\u00e1s, el 26 de noviembre se presentar\u00e1 el Ballet Folkl\u00f3rico de la UdeC en el Jard\u00edn de la Libertad, en el municipio de Coquimatl\u00e1n. Por \u00faltimo, el 27 de este mismo mes se llevar\u00e1 a cabo la toma de la fotograf\u00eda monumental en el Estadio Ol\u00edmpico Universitario.<\/p>\n<p>En el mes de diciembre, se\u00f1al\u00f3, se inaugurar\u00e1 en el campus de Tecom\u00e1n, un espacio denominado \u201cUdeC crucero, territorio biodiverso\u201d, para la preservaci\u00f3n de flora nativa.<\/p>\n<p>Para concluir, el rector Torres Ortiz Zerme\u00f1o anunci\u00f3 como el evento n\u00famero 18, la inauguraci\u00f3n de dos obras en la Universidad de Colima, una en el mes de septiembre y otra en noviembre. Ambas estar\u00e1n ubicadas una en el Campus Central.<\/p>\n<p>Acompa\u00f1aron al rector: Blanca Liliana D\u00edaz, presidenta del voluntariado de la Universidad de Colima; Joel Nino, secretario general; Alejandro Novela, presidente de la FEC; Luis Enrique Zamorano, secretario general del SUTUC; Isabel Andrade, presidenta de la ACU; Carolina Venegas, presidenta de la FEUC y Dorotea Quiles por parte de la Asociaci\u00f3n de Jubilados y Pensionados.<\/p>\n<p>Tambi\u00e9n estuvieron: Susana Preciado, coordinadora general de Docencia; Carlos Ram\u00edrez, coordinador general de Extensi\u00f3n; Jorge Mart\u00ednez, coordinador general de Comunicaci\u00f3n Social; X\u00f3chitl Trujillo, coordinadora general de Investigaci\u00f3n; Erika Ulibarri, coordinadora general Administrativa y Financiera; Ana Lilia Moreno, delegada de Tecom\u00e1n; Mario de Anda, director general de Educaci\u00f3n Superior y Arianna S\u00e1nchez, directora general de Posgrado.<\/p>\n<p>&nbsp;<\/p>\n","protected":false},"excerpt":{"rendered":"<p>*Destacan; la conferencia internacional ANUIES, la entrega del Doctorado Honoris Causa al escritor Juan Villoro y una ceremonia institucional conmemorativa del 85 aniversario de la UdeC, el pr\u00f3ximo 12 de septiembre. \u00a0La ma\u00f1ana de este lunes, en rueda de prensa realizada en el Archivo Hist\u00f3rico de la Universidad de Colima (UdeC), el rector Christian Jorge&#8230;<\/p>\n","protected":false},"author":2,"featured_media":32504,"comment_status":"closed","ping_status":"open","sticky":false,"template":"","format":"standard","meta":{"footnotes":""},"categories":[14],"tags":[29,30,28],"class_list":["post-32503","post","type-post","status-publish","format-standard","has-post-thumbnail","hentry","category-educacion-y-cultura","tag-grid","tag-news","tag-slider"],"_links":{"self":[{"href":"http:\/\/elobservatorio.com.mx\/index.php?rest_route=\/wp\/v2\/posts\/32503"}],"collection":[{"href":"http:\/\/elobservatorio.com.mx\/index.php?rest_route=\/wp\/v2\/posts"}],"about":[{"href":"http:\/\/elobservatorio.com.mx\/index.php?rest_route=\/wp\/v2\/types\/post"}],"author":[{"embeddable":true,"href":"http:\/\/elobservatorio.com.mx\/index.php?rest_route=\/wp\/v2\/users\/2"}],"replies":[{"embeddable":true,"href":"http:\/\/elobservatorio.com.mx\/index.php?rest_route=%2Fwp%2Fv2%2Fcomments&post=32503"}],"version-history":[{"count":1,"href":"http:\/\/elobservatorio.com.mx\/index.php?rest_route=\/wp\/v2\/posts\/32503\/revisions"}],"predecessor-version":[{"id":32505,"href":"http:\/\/elobservatorio.com.mx\/index.php?rest_route=\/wp\/v2\/posts\/32503\/revisions\/32505"}],"wp:featuredmedia":[{"embeddable":true,"href":"http:\/\/elobservatorio.com.mx\/index.php?rest_route=\/wp\/v2\/media\/32504"}],"wp:attachment":[{"href":"http:\/\/elobservatorio.com.mx\/index.php?rest_route=%2Fwp%2Fv2%2Fmedia&parent=32503"}],"wp:term":[{"taxonomy":"category","embeddable":true,"href":"http:\/\/elobservatorio.com.mx\/index.php?rest_route=%2Fwp%2Fv2%2Fcategories&post=32503"},{"taxonomy":"post_tag","embeddable":true,"href":"http:\/\/elobservatorio.com.mx\/index.php?rest_route=%2Fwp%2Fv2%2Ftags&post=32503"}],"curies":[{"name":"wp","href":"https:\/\/api.w.org\/{rel}","templated":true}]}}