{"id":32506,"date":"2025-05-05T21:40:49","date_gmt":"2025-05-06T03:40:49","guid":{"rendered":"http:\/\/elobservatorio.com.mx\/?p=32506"},"modified":"2025-05-05T21:40:49","modified_gmt":"2025-05-06T03:40:49","slug":"fortalece-udec-su-red-inalambrica-con-nuevos-puntos-de-acceso-en-sus-planteles","status":"publish","type":"post","link":"http:\/\/elobservatorio.com.mx\/?p=32506","title":{"rendered":"Fortalece UdeC su red inal\u00e1mbrica con nuevos puntos de acceso en sus planteles"},"content":{"rendered":"<p><em>*La iniciativa tiene como objetivo robustecer la infraestructura tecnol\u00f3gica de la instituci\u00f3n y ofrecer un servicio de internet inal\u00e1mbrico m\u00e1s eficiente para estudiantes y docentes.<\/em><\/p>\n<p>Como parte de su compromiso con la mejora continua en los procesos de ense\u00f1anza y aprendizaje, la Universidad de Colima (UdeC), a trav\u00e9s de la Direcci\u00f3n General de Servicios Telem\u00e1ticos (DIGESET), ha iniciado la instalaci\u00f3n de nuevos puntos de acceso inal\u00e1mbrico en diversos planteles educativos. Esta acci\u00f3n forma parte del proyecto institucional 2025 de esta casa de estudios para consolidar una universidad digital.<\/p>\n<p>La iniciativa tiene como objetivo robustecer la infraestructura tecnol\u00f3gica de la instituci\u00f3n y ofrecer un servicio de internet inal\u00e1mbrico m\u00e1s eficiente para estudiantes y docentes.<\/p>\n<p>En el campus Colima, los bachilleratos 1, 2 y 3 se beneficiaron con la instalaci\u00f3n de 29 nuevos puntos de acceso. En el campus Tecom\u00e1n, los bachilleratos 5, 6 y 20 ahora cuentan con 23 puntos adicionales. Por su parte, en Manzanillo se integraron 22 nuevos puntos en los bachilleratos 8, 9 y 10. En el campus Coquimatl\u00e1n, el Bachillerato 18 recibi\u00f3 cuatro nuevos puntos de acceso.<\/p>\n<p>Tambi\u00e9n se mejor\u00f3 la conectividad en instalaciones clave como la Facultad de Arquitectura y Dise\u00f1o, que ahora cuenta con siete nuevos puntos de acceso en sus aulas, y la Facultad de Ingenier\u00eda Civil, donde se instalaron nueve puntos adicionales.<\/p>\n<p>Estas acciones forman parte del eje transversal de Universidad Digital impulsado por la Coordinaci\u00f3n General de Tecnolog\u00edas de Informaci\u00f3n (CGTI), cuyo prop\u00f3sito es mejorar de manera permanente los servicios digitales acad\u00e9micos, administrativos y financieros.<\/p>\n<p>Para Gerardo Emmanuel C\u00e1rdenas Villa, coordinador general de Tecnolog\u00edas de Informaci\u00f3n, \u201ccontar con una infraestructura tecnol\u00f3gica moderna es fundamental para crear un entorno digital que favorezca el aprendizaje, la investigaci\u00f3n y la comunicaci\u00f3n dentro de la Universidad\u201d.<\/p>\n<p>En este sentido, coment\u00f3 que \u201cla expansi\u00f3n de la red inal\u00e1mbrica no solo mejora la conectividad actual, sino que tambi\u00e9n sienta las bases para la integraci\u00f3n de tecnolog\u00edas emergentes -como la Inteligencia Artificial- que podr\u00e1n personalizar la experiencia acad\u00e9mica y maximizar el potencial de cada estudiante\u201d.<\/p>\n<p>Se espera que esta mejora tenga un impacto directo en las actividades acad\u00e9micas y contribuya significativamente a la transformaci\u00f3n digital de la instituci\u00f3n, fortaleciendo as\u00ed una cultura digital inclusiva y sostenible para toda la comunidad universitaria.<\/p>\n<p>&nbsp;<\/p>\n","protected":false},"excerpt":{"rendered":"<p>*La iniciativa tiene como objetivo robustecer la infraestructura tecnol\u00f3gica de la instituci\u00f3n y ofrecer un servicio de internet inal\u00e1mbrico m\u00e1s eficiente para estudiantes y docentes. Como parte de su compromiso con la mejora continua en los procesos de ense\u00f1anza y aprendizaje, la Universidad de Colima (UdeC), a trav\u00e9s de la Direcci\u00f3n General de Servicios Telem\u00e1ticos&#8230;<\/p>\n","protected":false},"author":2,"featured_media":32507,"comment_status":"closed","ping_status":"open","sticky":false,"template":"","format":"standard","meta":{"footnotes":""},"categories":[14],"tags":[29,30,28],"class_list":["post-32506","post","type-post","status-publish","format-standard","has-post-thumbnail","hentry","category-educacion-y-cultura","tag-grid","tag-news","tag-slider"],"_links":{"self":[{"href":"http:\/\/elobservatorio.com.mx\/index.php?rest_route=\/wp\/v2\/posts\/32506"}],"collection":[{"href":"http:\/\/elobservatorio.com.mx\/index.php?rest_route=\/wp\/v2\/posts"}],"about":[{"href":"http:\/\/elobservatorio.com.mx\/index.php?rest_route=\/wp\/v2\/types\/post"}],"author":[{"embeddable":true,"href":"http:\/\/elobservatorio.com.mx\/index.php?rest_route=\/wp\/v2\/users\/2"}],"replies":[{"embeddable":true,"href":"http:\/\/elobservatorio.com.mx\/index.php?rest_route=%2Fwp%2Fv2%2Fcomments&post=32506"}],"version-history":[{"count":1,"href":"http:\/\/elobservatorio.com.mx\/index.php?rest_route=\/wp\/v2\/posts\/32506\/revisions"}],"predecessor-version":[{"id":32508,"href":"http:\/\/elobservatorio.com.mx\/index.php?rest_route=\/wp\/v2\/posts\/32506\/revisions\/32508"}],"wp:featuredmedia":[{"embeddable":true,"href":"http:\/\/elobservatorio.com.mx\/index.php?rest_route=\/wp\/v2\/media\/32507"}],"wp:attachment":[{"href":"http:\/\/elobservatorio.com.mx\/index.php?rest_route=%2Fwp%2Fv2%2Fmedia&parent=32506"}],"wp:term":[{"taxonomy":"category","embeddable":true,"href":"http:\/\/elobservatorio.com.mx\/index.php?rest_route=%2Fwp%2Fv2%2Fcategories&post=32506"},{"taxonomy":"post_tag","embeddable":true,"href":"http:\/\/elobservatorio.com.mx\/index.php?rest_route=%2Fwp%2Fv2%2Ftags&post=32506"}],"curies":[{"name":"wp","href":"https:\/\/api.w.org\/{rel}","templated":true}]}}