{"id":32509,"date":"2025-05-05T21:53:15","date_gmt":"2025-05-06T03:53:15","guid":{"rendered":"http:\/\/elobservatorio.com.mx\/?p=32509"},"modified":"2025-05-05T21:53:15","modified_gmt":"2025-05-06T03:53:15","slug":"sensibilizan-sobre-la-importancia-ecologica-de-los-anfibios-en-tecoman","status":"publish","type":"post","link":"http:\/\/elobservatorio.com.mx\/?p=32509","title":{"rendered":"Sensibilizan sobre la importancia ecol\u00f3gica de los anfibios, en Tecom\u00e1n"},"content":{"rendered":"<p><em>*Este s\u00e1bado celebraron en Tecom\u00e1n el D\u00eda del Anfibio, con la participaci\u00f3n de egresados y estudiantes de Biolog\u00eda, como parte de una actividad de vinculaci\u00f3n impulsada por la FEUC y la Universidad de Colima en beneficio de la sociedad.<\/em><\/p>\n<p>Con el prop\u00f3sito de fomentar la conciencia ambiental y destacar la importancia ecol\u00f3gica de los anfibios, as\u00ed como promover la conservaci\u00f3n de la biodiversidad local, la Federaci\u00f3n de Egresados de la Universidad de Colima (FEUC), a trav\u00e9s de su Asociaci\u00f3n de Egresados de Biolog\u00eda, en conjunto con estudiantes del programa educativo de Biolog\u00eda, realizaron este fin de semana la jornada \u201cAnfibios y Biodiversidad de Colima\u201d, en el Jard\u00edn Principal de Tecom\u00e1n.<\/p>\n<p>Este evento, impulsado por el profesor Andr\u00e9s Garc\u00eda Aguayo, de la Facultad de Ciencias Biol\u00f3gicas y Agropecuarias de la Universidad de Colima, y por la coordinadora del programa de Biolog\u00eda y presidenta de la Asociaci\u00f3n de Egresados de Biolog\u00eda, Roc\u00edo Cu\u00e9llar Olalde, busca ser un puente de colaboraci\u00f3n entre egresados y estudiantes, a trav\u00e9s del cual puedan retribuir a la sociedad parte de lo que la UdeC les ha brindado.<\/p>\n<p>Garc\u00eda Aguayo dijo que estos eventos tienen como fin sensibilizar a la ciudadan\u00eda sobre la importancia ecol\u00f3gica de los anfibios. \u201cCon frecuencia son estigmatizados por mitos o por simple desconocimiento, a pesar de que desempe\u00f1an un papel crucial en el equilibrio de los ecosistemas\u201d. Agreg\u00f3 que los anfibios son una especie clave, pero lamentablemente tambi\u00e9n figuran entre las m\u00e1s vulnerables, lo que hace a\u00fan m\u00e1s urgente su conservaci\u00f3n.<\/p>\n<p>Por su parte, Roc\u00edo Cu\u00e9llar subray\u00f3 la importancia de que los egresados y egresadas mantengan un v\u00ednculo activo, tanto con la Universidad de Colima como con la sociedad, a trav\u00e9s de iniciativas como \u00e9sta. \u201cM\u00e1s all\u00e1 de las actividades, lo fundamental es promover el amor y respeto por todas las formas de vida, porque educar desde estos valores es clave para formar una sociedad m\u00e1s consciente, emp\u00e1tica y comprometida con el cuidado del entorno\u201d, afirm\u00f3.<\/p>\n<p>Durante la jornada, que inici\u00f3 desde las diez de la ma\u00f1ana, se ofrecieron talleres de pintura, reciclaje y compostaje, juegos did\u00e1cticos como loter\u00eda y memorama, as\u00ed como actividades para comprender el ciclo de vida de los anfibios. Adem\u00e1s, se presentaron colecciones biol\u00f3gicas y ejemplares vivos para promover la educaci\u00f3n ambiental desde una experiencia cercana e interactiva.<\/p>\n<p>Esta actividad fue posible gracias al apoyo de la Universidad de Colima, del Ayuntamiento de Tecom\u00e1n, el Parque Ecol\u00f3gico El Palapo, la Delegaci\u00f3n Universitaria en Tecom\u00e1n, y principalmente al entusiasmo de estudiantes y egresados de Biolog\u00eda.<\/p>\n<p>&nbsp;<\/p>\n<p>&nbsp;<\/p>\n","protected":false},"excerpt":{"rendered":"<p>*Este s\u00e1bado celebraron en Tecom\u00e1n el D\u00eda del Anfibio, con la participaci\u00f3n de egresados y estudiantes de Biolog\u00eda, como parte de una actividad de vinculaci\u00f3n impulsada por la FEUC y la Universidad de Colima en beneficio de la sociedad. Con el prop\u00f3sito de fomentar la conciencia ambiental y destacar la importancia ecol\u00f3gica de los anfibios,&#8230;<\/p>\n","protected":false},"author":2,"featured_media":32510,"comment_status":"closed","ping_status":"open","sticky":false,"template":"","format":"standard","meta":{"footnotes":""},"categories":[14],"tags":[29,30,28],"class_list":["post-32509","post","type-post","status-publish","format-standard","has-post-thumbnail","hentry","category-educacion-y-cultura","tag-grid","tag-news","tag-slider"],"_links":{"self":[{"href":"http:\/\/elobservatorio.com.mx\/index.php?rest_route=\/wp\/v2\/posts\/32509"}],"collection":[{"href":"http:\/\/elobservatorio.com.mx\/index.php?rest_route=\/wp\/v2\/posts"}],"about":[{"href":"http:\/\/elobservatorio.com.mx\/index.php?rest_route=\/wp\/v2\/types\/post"}],"author":[{"embeddable":true,"href":"http:\/\/elobservatorio.com.mx\/index.php?rest_route=\/wp\/v2\/users\/2"}],"replies":[{"embeddable":true,"href":"http:\/\/elobservatorio.com.mx\/index.php?rest_route=%2Fwp%2Fv2%2Fcomments&post=32509"}],"version-history":[{"count":1,"href":"http:\/\/elobservatorio.com.mx\/index.php?rest_route=\/wp\/v2\/posts\/32509\/revisions"}],"predecessor-version":[{"id":32511,"href":"http:\/\/elobservatorio.com.mx\/index.php?rest_route=\/wp\/v2\/posts\/32509\/revisions\/32511"}],"wp:featuredmedia":[{"embeddable":true,"href":"http:\/\/elobservatorio.com.mx\/index.php?rest_route=\/wp\/v2\/media\/32510"}],"wp:attachment":[{"href":"http:\/\/elobservatorio.com.mx\/index.php?rest_route=%2Fwp%2Fv2%2Fmedia&parent=32509"}],"wp:term":[{"taxonomy":"category","embeddable":true,"href":"http:\/\/elobservatorio.com.mx\/index.php?rest_route=%2Fwp%2Fv2%2Fcategories&post=32509"},{"taxonomy":"post_tag","embeddable":true,"href":"http:\/\/elobservatorio.com.mx\/index.php?rest_route=%2Fwp%2Fv2%2Ftags&post=32509"}],"curies":[{"name":"wp","href":"https:\/\/api.w.org\/{rel}","templated":true}]}}