{"id":32531,"date":"2025-05-07T23:00:11","date_gmt":"2025-05-08T05:00:11","guid":{"rendered":"http:\/\/elobservatorio.com.mx\/?p=32531"},"modified":"2025-05-07T23:00:11","modified_gmt":"2025-05-08T05:00:11","slug":"festival-sinfonia-con-alas-2025-celebra-el-talento-musical-joven-de-colima","status":"publish","type":"post","link":"http:\/\/elobservatorio.com.mx\/?p=32531","title":{"rendered":"Festival \u201cSinfon\u00eda con Alas 2025\u201d celebra el talento musical joven de Colima"},"content":{"rendered":"<p><em>*Este evento <\/em><em>busca promover la excelencia art\u00edstica y la formaci\u00f3n musical en ni\u00f1as, ni\u00f1os y j\u00f3venes, acercando a la sociedad colimense a la m\u00fasica cl\u00e1sica a trav\u00e9s de conciertos, clases magistrales y conversatorios.<\/em><\/p>\n<p>Con el prop\u00f3sito de celebrar el talento y la formaci\u00f3n musical de la juventud colimense, este martes por la noche se llev\u00f3 a cabo en el Teatro Universitario \u201cCnel. Pedro Torres Ortiz\u201d el Festival de M\u00fasica \u201cSinfon\u00eda con Alas 2025\u201d, un concierto que reuni\u00f3 a la Orquesta Sinf\u00f3nica y al Coro de la Universidad de Colima (UdeC), as\u00ed como a la Orquesta Filarm\u00f3nica Gandhi, bajo la direcci\u00f3n art\u00edstica de Jos\u00e9 Antonio Frausto Zamora.<\/p>\n<p>Cont\u00f3 con la presencia del rector de la Universidad de Colima, Christian Jorge Torres Ortiz Zerme\u00f1o, como invitado especial<\/p>\n<p>Este evento, que forma parte de una intensa semana de actividades musicales del 1 al 7 de mayo, busca promover la excelencia art\u00edstica y la formaci\u00f3n musical entre ni\u00f1as, ni\u00f1os y j\u00f3venes, acercando a la sociedad colimense a la m\u00fasica cl\u00e1sica a trav\u00e9s de conciertos, clases magistrales y conversatorios con m\u00fasicos de trayectoria internacional.<\/p>\n<p>Uno de los momentos m\u00e1s destacados de la noche fue la participaci\u00f3n del pianista Sergio V\u00e1zquez, considerado entre los int\u00e9rpretes m\u00e1s activos y vers\u00e1tiles del pa\u00eds, y del tenor Alan Pingarr\u00f3n, egresado de la Facultad de M\u00fasica de la UNAM y exintegrante del prestigioso programa Jette Parker Young Artist de la Royal Opera House de Londres. Ambos ofrecieron un conversatorio con estudiantes el mismo martes por la ma\u00f1ana en la Pinacoteca Universitaria.<\/p>\n<p>El programa del festival ofreci\u00f3 al p\u00fablico asistente piezas de m\u00fasica cl\u00e1sica como el \u201cPrelude\u201d de la \u00f3pera Carmen, de G. Bizet y \u201cO Fortuna\u201d, de Carmina Burana, de Carl Orf. Tambi\u00e9n interpretaron el Concierto No. 21 para piano en Do mayor KV 467 de W. A. Mozart y la \u201cMarche Slave\u201d de P. I. Tchaikovski. El repertorio incluy\u00f3 canciones populares mexicanas como \u201cJ\u00farame\u201d y \u201cDespedida\u201d, de Mar\u00eda Grever; \u201cB\u00e9same mucho\u201d, de Consuelo Vel\u00e1zquez y \u201cFrenes\u00ed\u201d, de Alberto Dom\u00ednguez, entre otras.<\/p>\n<p>El festival incluy\u00f3 tambi\u00e9n clases magistrales impartidas por destacados m\u00fasicos como Antonello Farulli, reconocido pedagogo europeo de cuerdas; Hugo Manzanilla, clarinetista principal de la Orquesta Sinf\u00f3nica de la Universidad de Guanajuato, y los int\u00e9rpretes Farid Nava (viol\u00edn) y Esteban Cruzaley (piano). Estas actividades se desarrollan en el IUBA, el Colegio Gandhi, la Pinacoteca Universitaria y el Templo San Juan Pablo II.<\/p>\n<p>Organizado por la asociaci\u00f3n Amigos de la Cultura y las Artes Gandhi A.C., en coordinaci\u00f3n con la Universidad de Colima, el festival cuenta con el respaldo de patrocinadores como Fundaci\u00f3n Azteca, Caja Providencia, Printa Imprime, Paseo Eterno, el H. Ayuntamiento de Colima y otras instituciones culturales del estado y el pa\u00eds.<\/p>\n<p>Acompa\u00f1aron al rector: Blanca Liliana D\u00edaz V\u00e1zquez, presidenta del Voluntariado de la Universidad de Colima; Carlos Ram\u00edrez Vuelvas, coordinador general de Extensi\u00f3n; Rafael Covarrubias Ram\u00edrez, director del Instituto Universitario de Bellas Artes; Gilda Callejas Azoy, directora General de Difusi\u00f3n Cultural, y Francisco Coello Aguilar, secretario privado de rector\u00eda.<\/p>\n<p>El Festival \u201cSinfon\u00eda con Alas 2025\u201d se consolida como una plataforma art\u00edstica y formativa que apuesta por el talento joven y el poder transformador de la m\u00fasica, integrando a p\u00fablicos diversos en torno a la cultura y el arte de alto nivel.<\/p>\n<p>&nbsp;<\/p>\n<p>&nbsp;<\/p>\n","protected":false},"excerpt":{"rendered":"<p>*Este evento busca promover la excelencia art\u00edstica y la formaci\u00f3n musical en ni\u00f1as, ni\u00f1os y j\u00f3venes, acercando a la sociedad colimense a la m\u00fasica cl\u00e1sica a trav\u00e9s de conciertos, clases magistrales y conversatorios. Con el prop\u00f3sito de celebrar el talento y la formaci\u00f3n musical de la juventud colimense, este martes por la noche se llev\u00f3&#8230;<\/p>\n","protected":false},"author":2,"featured_media":32532,"comment_status":"closed","ping_status":"open","sticky":false,"template":"","format":"standard","meta":{"footnotes":""},"categories":[14],"tags":[29,30,28],"class_list":["post-32531","post","type-post","status-publish","format-standard","has-post-thumbnail","hentry","category-educacion-y-cultura","tag-grid","tag-news","tag-slider"],"_links":{"self":[{"href":"http:\/\/elobservatorio.com.mx\/index.php?rest_route=\/wp\/v2\/posts\/32531"}],"collection":[{"href":"http:\/\/elobservatorio.com.mx\/index.php?rest_route=\/wp\/v2\/posts"}],"about":[{"href":"http:\/\/elobservatorio.com.mx\/index.php?rest_route=\/wp\/v2\/types\/post"}],"author":[{"embeddable":true,"href":"http:\/\/elobservatorio.com.mx\/index.php?rest_route=\/wp\/v2\/users\/2"}],"replies":[{"embeddable":true,"href":"http:\/\/elobservatorio.com.mx\/index.php?rest_route=%2Fwp%2Fv2%2Fcomments&post=32531"}],"version-history":[{"count":1,"href":"http:\/\/elobservatorio.com.mx\/index.php?rest_route=\/wp\/v2\/posts\/32531\/revisions"}],"predecessor-version":[{"id":32533,"href":"http:\/\/elobservatorio.com.mx\/index.php?rest_route=\/wp\/v2\/posts\/32531\/revisions\/32533"}],"wp:featuredmedia":[{"embeddable":true,"href":"http:\/\/elobservatorio.com.mx\/index.php?rest_route=\/wp\/v2\/media\/32532"}],"wp:attachment":[{"href":"http:\/\/elobservatorio.com.mx\/index.php?rest_route=%2Fwp%2Fv2%2Fmedia&parent=32531"}],"wp:term":[{"taxonomy":"category","embeddable":true,"href":"http:\/\/elobservatorio.com.mx\/index.php?rest_route=%2Fwp%2Fv2%2Fcategories&post=32531"},{"taxonomy":"post_tag","embeddable":true,"href":"http:\/\/elobservatorio.com.mx\/index.php?rest_route=%2Fwp%2Fv2%2Ftags&post=32531"}],"curies":[{"name":"wp","href":"https:\/\/api.w.org\/{rel}","templated":true}]}}