{"id":32535,"date":"2025-05-07T23:21:04","date_gmt":"2025-05-08T05:21:04","guid":{"rendered":"http:\/\/elobservatorio.com.mx\/?p=32535"},"modified":"2025-05-07T23:21:04","modified_gmt":"2025-05-08T05:21:04","slug":"exploran-simbolismo-del-calendario-azteca","status":"publish","type":"post","link":"http:\/\/elobservatorio.com.mx\/?p=32535","title":{"rendered":"Exploran simbolismo del Calendario Azteca"},"content":{"rendered":"<p><em>*La acad\u00e9mica Elizabeth Torres, en evento organizado por el Seminario de Cultura Mexicana, imparti\u00f3 la conferencia: \u201cVoz propia de los s\u00edmbolos mexicanos: el Calendario Azteca\u201d, en el campus Manzanillo de la UdeC.<\/em><\/p>\n<p>Con el objetivo de rescatar y reflexionar sobre los saberes ancestrales, se realiz\u00f3 en el Centro de Tecnolog\u00eda Educativa del campus El Naranjo de la Universidad de Colima, en Manzanillo, la conferencia \u201cVoz propia de los s\u00edmbolos mexicanos: el Calendario Azteca\u201d, impartida por la doctora Patricia Elizabeth Torres Villanueva.<\/p>\n<p>El evento fue organizado por el Seminario de Cultura Mexicana, Corresponsal\u00eda Manzanillo, encabezado por Jos\u00e9 Luis Cobi\u00e1n Le\u00f3n, como parte de su programa para visibilizar el trabajo de artistas e intelectuales mexicanos y difundir el valor de sus aportaciones.<\/p>\n<p>En su intervenci\u00f3n, la doctora Torres Villanueva ofreci\u00f3 una mirada interdisciplinaria al Calendario Azteca, tambi\u00e9n conocido como la Piedra del Sol, abordando su simbolismo desde perspectivas antropol\u00f3gicas, ling\u00fc\u00edsticas y espirituales. Explic\u00f3 que este sistema de medici\u00f3n del tiempo representa una cosmovisi\u00f3n profundamente conectada con la naturaleza, los ciclos de la vida y la espiritualidad mesoamericana.<\/p>\n<p>Explic\u00f3 la estructura del calendario, el significado de sus glifos y su relaci\u00f3n con los arquetipos, las emociones y las pr\u00e1cticas tradicionales de sanaci\u00f3n. Subray\u00f3 tambi\u00e9n la importancia de resignificar estos s\u00edmbolos en el presente, no s\u00f3lo como patrimonio hist\u00f3rico, sino como herramientas vivas para el bienestar individual y colectivo.<\/p>\n<p>Durante la charla, mostr\u00f3 a las y los estudiantes c\u00f3mo se realizaban rituales de agradecimiento al amanecer y explic\u00f3 la relevancia de los puntos cardinales para las antiguas civilizaciones mesoamericanas.<\/p>\n<p>Patricia Elizabeth Torres Villanueva es una reconocida acad\u00e9mica y terapeuta mexicana, con una trayectoria que integra la antropolog\u00eda, el psicoan\u00e1lisis, la sociolog\u00eda, la ling\u00fc\u00edstica y la gerontolog\u00eda. Doctora en comunicaci\u00f3n no verbal, ha enfocado su labor profesional en el di\u00e1logo entre el conocimiento ancestral y las pr\u00e1cticas terap\u00e9uticas contempor\u00e1neas.<\/p>\n<p>Al finalizar la conferencia, Ana Mar\u00eda Gallardo V\u00e1zquez, delegada de la Universidad de Colima en Manzanillo, y Jos\u00e9 Luis Cobi\u00e1n Le\u00f3n, presidente de la Corresponsal\u00eda, entregaron un reconocimiento a la ponente por compartir su experiencia con la comunidad universitaria.<\/p>\n<p>La actividad atrajo a estudiantes, docentes y p\u00fablico interesado en las ra\u00edces culturales de M\u00e9xico y su vigencia actual. Como cierre simb\u00f3lico, al ritmo de un tambor vertical tallado en madera, la doctora Torres Villanueva, junto con estudiantes de la Universidad de Colima y del Cet del Mar, interpretaron una danza azteca, conectando as\u00ed el conocimiento con la vivencia ritual.<\/p>\n<p>&nbsp;<\/p>\n","protected":false},"excerpt":{"rendered":"<p>*La acad\u00e9mica Elizabeth Torres, en evento organizado por el Seminario de Cultura Mexicana, imparti\u00f3 la conferencia: \u201cVoz propia de los s\u00edmbolos mexicanos: el Calendario Azteca\u201d, en el campus Manzanillo de la UdeC. Con el objetivo de rescatar y reflexionar sobre los saberes ancestrales, se realiz\u00f3 en el Centro de Tecnolog\u00eda Educativa del campus El Naranjo&#8230;<\/p>\n","protected":false},"author":2,"featured_media":32536,"comment_status":"closed","ping_status":"open","sticky":false,"template":"","format":"standard","meta":{"footnotes":""},"categories":[14],"tags":[29,30,28],"class_list":["post-32535","post","type-post","status-publish","format-standard","has-post-thumbnail","hentry","category-educacion-y-cultura","tag-grid","tag-news","tag-slider"],"_links":{"self":[{"href":"http:\/\/elobservatorio.com.mx\/index.php?rest_route=\/wp\/v2\/posts\/32535"}],"collection":[{"href":"http:\/\/elobservatorio.com.mx\/index.php?rest_route=\/wp\/v2\/posts"}],"about":[{"href":"http:\/\/elobservatorio.com.mx\/index.php?rest_route=\/wp\/v2\/types\/post"}],"author":[{"embeddable":true,"href":"http:\/\/elobservatorio.com.mx\/index.php?rest_route=\/wp\/v2\/users\/2"}],"replies":[{"embeddable":true,"href":"http:\/\/elobservatorio.com.mx\/index.php?rest_route=%2Fwp%2Fv2%2Fcomments&post=32535"}],"version-history":[{"count":1,"href":"http:\/\/elobservatorio.com.mx\/index.php?rest_route=\/wp\/v2\/posts\/32535\/revisions"}],"predecessor-version":[{"id":32537,"href":"http:\/\/elobservatorio.com.mx\/index.php?rest_route=\/wp\/v2\/posts\/32535\/revisions\/32537"}],"wp:featuredmedia":[{"embeddable":true,"href":"http:\/\/elobservatorio.com.mx\/index.php?rest_route=\/wp\/v2\/media\/32536"}],"wp:attachment":[{"href":"http:\/\/elobservatorio.com.mx\/index.php?rest_route=%2Fwp%2Fv2%2Fmedia&parent=32535"}],"wp:term":[{"taxonomy":"category","embeddable":true,"href":"http:\/\/elobservatorio.com.mx\/index.php?rest_route=%2Fwp%2Fv2%2Fcategories&post=32535"},{"taxonomy":"post_tag","embeddable":true,"href":"http:\/\/elobservatorio.com.mx\/index.php?rest_route=%2Fwp%2Fv2%2Ftags&post=32535"}],"curies":[{"name":"wp","href":"https:\/\/api.w.org\/{rel}","templated":true}]}}