{"id":32541,"date":"2025-05-08T00:30:05","date_gmt":"2025-05-08T06:30:05","guid":{"rendered":"http:\/\/elobservatorio.com.mx\/?p=32541"},"modified":"2025-05-08T00:30:05","modified_gmt":"2025-05-08T06:30:05","slug":"gobierno-de-riult-rivera-capacita-al-personal-en-lengua-de-senas-mexicanas-para-fortalecer-la-inclusion","status":"publish","type":"post","link":"http:\/\/elobservatorio.com.mx\/?p=32541","title":{"rendered":"Gobierno de Riult Rivera capacita al personal en lengua de se\u00f1as mexicanas para fortalecer la inclusi\u00f3n"},"content":{"rendered":"<p>Con el objetivo de garantizar una atenci\u00f3n inclusiva y accesible para todas las personas, el Ayuntamiento de Colima ha iniciado un programa de capacitaci\u00f3n en Lengua de Se\u00f1as Mexicanas (LSM), dirigido a trabajadoras y trabajadores de diversas \u00e1reas municipales.<\/p>\n<p>Este esfuerzo forma parte del compromiso del gobierno municipal por asegurar que ninguna persona encuentre barreras de comunicaci\u00f3n al momento de realizar sus tr\u00e1mites o requerir servicios en las oficinas del Ayuntamiento. En particular, se busca brindar una atenci\u00f3n digna y emp\u00e1tica a las personas sordomudas, asegurando que puedan comunicarse de forma efectiva con el personal municipal.<\/p>\n<p>\u201cLa inclusi\u00f3n no debe ser un discurso, sino una pr\u00e1ctica diaria en el servicio p\u00fablico. Queremos que en el Ayuntamiento de Colima todas las personas sean atendidas con respeto, cercan\u00eda y sin obst\u00e1culos\u201d, expres\u00f3 el presidente municipal, Riult Rivera.<\/p>\n<p>Las capacitaciones est\u00e1n siendo impartidas por la Mtra. Mar\u00eda de Jes\u00fas Andrade Flores, quien contempla ejercicios pr\u00e1cticos, vocabulario b\u00e1sico y situaciones reales que el personal puede enfrentar en sus \u00e1reas de atenci\u00f3n. El programa contempla que m\u00e1s \u00e1reas se incorporen progresivamente hasta cubrir la totalidad del personal de atenci\u00f3n ciudadana.<\/p>\n<p>Con acciones como esta, el Ayuntamiento de Colima reafirma su compromiso con una administraci\u00f3n incluyente, moderna y sensible a las necesidades de todas y todos.<\/p>\n","protected":false},"excerpt":{"rendered":"<p>Con el objetivo de garantizar una atenci\u00f3n inclusiva y accesible para todas las personas, el Ayuntamiento de Colima ha iniciado un programa de capacitaci\u00f3n en Lengua de Se\u00f1as Mexicanas (LSM), dirigido a trabajadoras y trabajadores de diversas \u00e1reas municipales. Este esfuerzo forma parte del compromiso del gobierno municipal por asegurar que ninguna persona encuentre barreras&#8230;<\/p>\n","protected":false},"author":2,"featured_media":32542,"comment_status":"closed","ping_status":"open","sticky":false,"template":"","format":"standard","meta":{"footnotes":""},"categories":[8,36],"tags":[29,30,28],"class_list":["post-32541","post","type-post","status-publish","format-standard","has-post-thumbnail","hentry","category-municipios","category-colima","tag-grid","tag-news","tag-slider"],"_links":{"self":[{"href":"http:\/\/elobservatorio.com.mx\/index.php?rest_route=\/wp\/v2\/posts\/32541"}],"collection":[{"href":"http:\/\/elobservatorio.com.mx\/index.php?rest_route=\/wp\/v2\/posts"}],"about":[{"href":"http:\/\/elobservatorio.com.mx\/index.php?rest_route=\/wp\/v2\/types\/post"}],"author":[{"embeddable":true,"href":"http:\/\/elobservatorio.com.mx\/index.php?rest_route=\/wp\/v2\/users\/2"}],"replies":[{"embeddable":true,"href":"http:\/\/elobservatorio.com.mx\/index.php?rest_route=%2Fwp%2Fv2%2Fcomments&post=32541"}],"version-history":[{"count":1,"href":"http:\/\/elobservatorio.com.mx\/index.php?rest_route=\/wp\/v2\/posts\/32541\/revisions"}],"predecessor-version":[{"id":32543,"href":"http:\/\/elobservatorio.com.mx\/index.php?rest_route=\/wp\/v2\/posts\/32541\/revisions\/32543"}],"wp:featuredmedia":[{"embeddable":true,"href":"http:\/\/elobservatorio.com.mx\/index.php?rest_route=\/wp\/v2\/media\/32542"}],"wp:attachment":[{"href":"http:\/\/elobservatorio.com.mx\/index.php?rest_route=%2Fwp%2Fv2%2Fmedia&parent=32541"}],"wp:term":[{"taxonomy":"category","embeddable":true,"href":"http:\/\/elobservatorio.com.mx\/index.php?rest_route=%2Fwp%2Fv2%2Fcategories&post=32541"},{"taxonomy":"post_tag","embeddable":true,"href":"http:\/\/elobservatorio.com.mx\/index.php?rest_route=%2Fwp%2Fv2%2Ftags&post=32541"}],"curies":[{"name":"wp","href":"https:\/\/api.w.org\/{rel}","templated":true}]}}