{"id":32554,"date":"2025-05-14T12:21:09","date_gmt":"2025-05-14T18:21:09","guid":{"rendered":"http:\/\/elobservatorio.com.mx\/?p=32554"},"modified":"2025-05-14T12:21:09","modified_gmt":"2025-05-14T18:21:09","slug":"udec-y-xx-zona-militar-se-unen-por-la-seguridad-y-una-cultura-de-paz","status":"publish","type":"post","link":"http:\/\/elobservatorio.com.mx\/?p=32554","title":{"rendered":"UdeC y XX Zona Militar se unen por la seguridad y una cultura de paz"},"content":{"rendered":"<p>Este martes, el rector de la Universidad de Colima, Christian Jorge Torres Ortiz Zerme\u00f1o, recibi\u00f3 en su despacho al general Andr\u00e9s Valencia-Valencia, nuevo comandante de la XX Zona Militar de Colima. Durante este primer encuentro, ambas autoridades dialogaron sobre la importancia de fortalecer la cultura de paz y la seguridad de la comunidad universitaria, mediante acciones concretas y la colaboraci\u00f3n entre ambas instituciones.<\/p>\n","protected":false},"excerpt":{"rendered":"<p>Este martes, el rector de la Universidad de Colima, Christian Jorge Torres Ortiz Zerme\u00f1o, recibi\u00f3 en su despacho al general Andr\u00e9s Valencia-Valencia, nuevo comandante de la XX Zona Militar de Colima. Durante este primer encuentro, ambas autoridades dialogaron sobre la importancia de fortalecer la cultura de paz y la seguridad de la comunidad universitaria, mediante&#8230;<\/p>\n","protected":false},"author":2,"featured_media":32555,"comment_status":"closed","ping_status":"open","sticky":false,"template":"","format":"standard","meta":{"footnotes":""},"categories":[19],"tags":[29,30,28],"class_list":["post-32554","post","type-post","status-publish","format-standard","has-post-thumbnail","hentry","category-fotonotas","tag-grid","tag-news","tag-slider"],"_links":{"self":[{"href":"http:\/\/elobservatorio.com.mx\/index.php?rest_route=\/wp\/v2\/posts\/32554"}],"collection":[{"href":"http:\/\/elobservatorio.com.mx\/index.php?rest_route=\/wp\/v2\/posts"}],"about":[{"href":"http:\/\/elobservatorio.com.mx\/index.php?rest_route=\/wp\/v2\/types\/post"}],"author":[{"embeddable":true,"href":"http:\/\/elobservatorio.com.mx\/index.php?rest_route=\/wp\/v2\/users\/2"}],"replies":[{"embeddable":true,"href":"http:\/\/elobservatorio.com.mx\/index.php?rest_route=%2Fwp%2Fv2%2Fcomments&post=32554"}],"version-history":[{"count":1,"href":"http:\/\/elobservatorio.com.mx\/index.php?rest_route=\/wp\/v2\/posts\/32554\/revisions"}],"predecessor-version":[{"id":32556,"href":"http:\/\/elobservatorio.com.mx\/index.php?rest_route=\/wp\/v2\/posts\/32554\/revisions\/32556"}],"wp:featuredmedia":[{"embeddable":true,"href":"http:\/\/elobservatorio.com.mx\/index.php?rest_route=\/wp\/v2\/media\/32555"}],"wp:attachment":[{"href":"http:\/\/elobservatorio.com.mx\/index.php?rest_route=%2Fwp%2Fv2%2Fmedia&parent=32554"}],"wp:term":[{"taxonomy":"category","embeddable":true,"href":"http:\/\/elobservatorio.com.mx\/index.php?rest_route=%2Fwp%2Fv2%2Fcategories&post=32554"},{"taxonomy":"post_tag","embeddable":true,"href":"http:\/\/elobservatorio.com.mx\/index.php?rest_route=%2Fwp%2Fv2%2Ftags&post=32554"}],"curies":[{"name":"wp","href":"https:\/\/api.w.org\/{rel}","templated":true}]}}