{"id":32557,"date":"2025-05-14T13:01:59","date_gmt":"2025-05-14T19:01:59","guid":{"rendered":"http:\/\/elobservatorio.com.mx\/?p=32557"},"modified":"2025-05-14T13:01:59","modified_gmt":"2025-05-14T19:01:59","slug":"imparte-gobierno-municipal-de-colima-capacitacion-sobre-marketing","status":"publish","type":"post","link":"http:\/\/elobservatorio.com.mx\/?p=32557","title":{"rendered":"Imparte Gobierno Municipal de Colima capacitaci\u00f3n sobre Marketing"},"content":{"rendered":"<p>El Ayuntamiento de Colima, que preside el alcalde Riult Rivera Guti\u00e9rrez, a trav\u00e9s de la Direcci\u00f3n de Fomento Econ\u00f3mico y Mejora Regulatoria, realiz\u00f3 este mi\u00e9rcoles la capacitaci\u00f3n titulada \u201cPublicidad de Alto Impacto, Tendencias y Marketing 2025\u201d, como parte del macroprograma Colima Emprende.<\/p>\n<p>La ponencia fue impartida por Ana Luc\u00eda P\u00e9rez C\u00e1rdenas, licenciada en Mercadotecnia por la Universidad de Colima, quien comparti\u00f3 con las y los asistentes herramientas clave para el desarrollo de contenido digital, estrategias para redes sociales y tendencias actuales en el \u00e1mbito del marketing.<\/p>\n<p>Esta es la quinta capacitaci\u00f3n gratuita organizada en lo que va del a\u00f1o, lo cual confirma el compromiso del Gobierno Municipal por fortalecer el desarrollo econ\u00f3mico y la competitividad del municipio, mediante la formaci\u00f3n y actualizaci\u00f3n de emprendedoras, emprendedores y peque\u00f1as empresas.<\/p>\n<p>A trav\u00e9s de este tipo de iniciativas, el Ayuntamiento de Colima busca brindar herramientas actuales que permitan a los negocios posicionarse de forma efectiva en un mercado cada vez m\u00e1s exigente y digitalizado.<\/p>\n<p>Con estas acciones, el Gobierno Municipal de Colima contin\u00faa impulsando el talento local y promoviendo el crecimiento econ\u00f3mico, apostando por una visi\u00f3n de desarrollo que va de lo local hacia lo global.<\/p>\n","protected":false},"excerpt":{"rendered":"<p>El Ayuntamiento de Colima, que preside el alcalde Riult Rivera Guti\u00e9rrez, a trav\u00e9s de la Direcci\u00f3n de Fomento Econ\u00f3mico y Mejora Regulatoria, realiz\u00f3 este mi\u00e9rcoles la capacitaci\u00f3n titulada \u201cPublicidad de Alto Impacto, Tendencias y Marketing 2025\u201d, como parte del macroprograma Colima Emprende. La ponencia fue impartida por Ana Luc\u00eda P\u00e9rez C\u00e1rdenas, licenciada en Mercadotecnia por&#8230;<\/p>\n","protected":false},"author":2,"featured_media":32558,"comment_status":"closed","ping_status":"open","sticky":false,"template":"","format":"standard","meta":{"footnotes":""},"categories":[8,36],"tags":[29,30,28],"class_list":["post-32557","post","type-post","status-publish","format-standard","has-post-thumbnail","hentry","category-municipios","category-colima","tag-grid","tag-news","tag-slider"],"_links":{"self":[{"href":"http:\/\/elobservatorio.com.mx\/index.php?rest_route=\/wp\/v2\/posts\/32557"}],"collection":[{"href":"http:\/\/elobservatorio.com.mx\/index.php?rest_route=\/wp\/v2\/posts"}],"about":[{"href":"http:\/\/elobservatorio.com.mx\/index.php?rest_route=\/wp\/v2\/types\/post"}],"author":[{"embeddable":true,"href":"http:\/\/elobservatorio.com.mx\/index.php?rest_route=\/wp\/v2\/users\/2"}],"replies":[{"embeddable":true,"href":"http:\/\/elobservatorio.com.mx\/index.php?rest_route=%2Fwp%2Fv2%2Fcomments&post=32557"}],"version-history":[{"count":1,"href":"http:\/\/elobservatorio.com.mx\/index.php?rest_route=\/wp\/v2\/posts\/32557\/revisions"}],"predecessor-version":[{"id":32559,"href":"http:\/\/elobservatorio.com.mx\/index.php?rest_route=\/wp\/v2\/posts\/32557\/revisions\/32559"}],"wp:featuredmedia":[{"embeddable":true,"href":"http:\/\/elobservatorio.com.mx\/index.php?rest_route=\/wp\/v2\/media\/32558"}],"wp:attachment":[{"href":"http:\/\/elobservatorio.com.mx\/index.php?rest_route=%2Fwp%2Fv2%2Fmedia&parent=32557"}],"wp:term":[{"taxonomy":"category","embeddable":true,"href":"http:\/\/elobservatorio.com.mx\/index.php?rest_route=%2Fwp%2Fv2%2Fcategories&post=32557"},{"taxonomy":"post_tag","embeddable":true,"href":"http:\/\/elobservatorio.com.mx\/index.php?rest_route=%2Fwp%2Fv2%2Ftags&post=32557"}],"curies":[{"name":"wp","href":"https:\/\/api.w.org\/{rel}","templated":true}]}}