{"id":32560,"date":"2025-05-14T20:14:10","date_gmt":"2025-05-15T02:14:10","guid":{"rendered":"http:\/\/elobservatorio.com.mx\/?p=32560"},"modified":"2025-05-14T20:14:10","modified_gmt":"2025-05-15T02:14:10","slug":"cabildo-modifica-el-reglamento-que-regula-la-entrega-de-apoyos-a-ayudas-sociales-que-otorga-el-municipio-capitalino","status":"publish","type":"post","link":"http:\/\/elobservatorio.com.mx\/?p=32560","title":{"rendered":"Cabildo modifica el Reglamento que Regula la Entrega de Apoyos a Ayudas Sociales que otorga el municipio capitalino"},"content":{"rendered":"<ul>\n<li><em>Se entregar\u00e1n apoyos temporales a personas mayores de que vean disminuidos sus ingresos o su patrimonio a causa de situaciones sociales y econ\u00f3micas adversas, emergencias o desastres, mencion\u00f3 el edil capitalino.<\/em><\/li>\n<\/ul>\n<p>Colima, Col., 14 de mayo de 2025.- El Presidente Municipal de Colima, Riult Rivera Guti\u00e9rrez, dio a conocer que el Cabildo del Ayuntamiento de Colima, aprob\u00f3 por unanimidad reformar y adicionar diversas disposiciones del Reglamento que Regula la Entrega de Apoyos a Ayudas Sociales que otorga el municipio capitalino.<\/p>\n<p>Seg\u00fan lo afirm\u00f3 el alcalde de Colima, con estas reformas y adiciones a este Reglamento, se incluye una fracci\u00f3n referente a \u201cLista de Raya que es el documento justificativo de la entrega de apoyos econ\u00f3micos del Programa de Apoyo Econ\u00f3mico Temporal bajo cualquiera de las vertientes, que se realizar\u00e1 semanal o quincenalmente, debiendo asentarse los datos del programa, dependencia responsable, instancia ejecutora, periodo, costo del \u201cjornal\u201d, CURP y cualquier otro necesario\u201d.<\/p>\n<p>El edil capitalino dijo que los Apoyos Econ\u00f3micos Temporales: son aquellos que se otorgan a las personas de 18 a\u00f1os de edad o m\u00e1s que residan en el Municipio de Colima que vean disminuidos sus ingresos o su patrimonio a causa de situaciones sociales y econ\u00f3micas adversas, emergencias o desastres, como contraprestaci\u00f3n por su participaci\u00f3n en proyectos de beneficio social, familiar o comunitario. En los t\u00e9rminos de los lineamientos aprobados.<\/p>\n<p>Los apoyos se pueden otorgar en efectivo o en especie, derivado del an\u00e1lisis de la petici\u00f3n que realice la Direcci\u00f3n de Participaci\u00f3n Ciudadana, dijo el alcalde de Colima.<\/p>\n<p>Afirm\u00f3 que dentro de la vertiente \u201cColima para Todos\u201d del Plan Municipal de Desarrollo 2024-2027 para el Municipio de Colima, se estableci\u00f3 como objetivo estrat\u00e9gico, estrategia y l\u00ednea de acci\u00f3n articular esfuerzos para una atenci\u00f3n integral de grupos vulnerables en acciones contra la pobreza y la marginaci\u00f3n\u201d.<\/p>\n<p>Rivera Guti\u00e9rrez, mencion\u00f3 que de conformidad con el art\u00edculo 2 del Reglamento que regula la entrega de apoyos o ayudas sociales que otorga el Municipio de Colima, sus disposiciones tienen por objeto regular la entrega de apoyos o subsidios que otorga el Municipio de Colima a diferentes personas en estado de vulnerabilidad social o econ\u00f3mica, es decir, aquellas que requieren apoyo para manutenci\u00f3n, necesidades b\u00e1sicas o apremiantes de subsistencia o de salud, as\u00ed como las que por su condici\u00f3n se encuentran marginadas en la participaci\u00f3n en eventos culturales, deportivos y\/o art\u00edsticos de arraigo en la sociedad.<\/p>\n<p>A\u00f1adi\u00f3 el alcalde de Colima, que, con la propuesta de reforma, se busca contribuir a dotar de esquemas de beneficio social para proteger e incrementar el bienestar socioecon\u00f3mico de la poblaci\u00f3n en situaci\u00f3n de carencia o pobreza, mediante apoyos otorgados a poblaci\u00f3n afectada por situaciones adversas que afectan su patrimonio o disminuyen sus ingresos, en concordancia con el Plan Municipal de Desarrollo 2024-2027.<\/p>\n<p>El presidente municipal de Colima, dijo que las reformas y adiciones a este Reglamento, fueron aprobadas de manera un\u00e1nime por todas y todos los mun\u00edcipes del Ayuntamiento capitalino y entraron en vigor al momento de su aprobaci\u00f3n en Cabildo<\/p>\n","protected":false},"excerpt":{"rendered":"<p>Se entregar\u00e1n apoyos temporales a personas mayores de que vean disminuidos sus ingresos o su patrimonio a causa de situaciones sociales y econ\u00f3micas adversas, emergencias o desastres, mencion\u00f3 el edil capitalino. Colima, Col., 14 de mayo de 2025.- El Presidente Municipal de Colima, Riult Rivera Guti\u00e9rrez, dio a conocer que el Cabildo del Ayuntamiento de&#8230;<\/p>\n","protected":false},"author":2,"featured_media":32561,"comment_status":"closed","ping_status":"open","sticky":false,"template":"","format":"standard","meta":{"footnotes":""},"categories":[8,36],"tags":[29,30,28],"class_list":["post-32560","post","type-post","status-publish","format-standard","has-post-thumbnail","hentry","category-municipios","category-colima","tag-grid","tag-news","tag-slider"],"_links":{"self":[{"href":"http:\/\/elobservatorio.com.mx\/index.php?rest_route=\/wp\/v2\/posts\/32560"}],"collection":[{"href":"http:\/\/elobservatorio.com.mx\/index.php?rest_route=\/wp\/v2\/posts"}],"about":[{"href":"http:\/\/elobservatorio.com.mx\/index.php?rest_route=\/wp\/v2\/types\/post"}],"author":[{"embeddable":true,"href":"http:\/\/elobservatorio.com.mx\/index.php?rest_route=\/wp\/v2\/users\/2"}],"replies":[{"embeddable":true,"href":"http:\/\/elobservatorio.com.mx\/index.php?rest_route=%2Fwp%2Fv2%2Fcomments&post=32560"}],"version-history":[{"count":1,"href":"http:\/\/elobservatorio.com.mx\/index.php?rest_route=\/wp\/v2\/posts\/32560\/revisions"}],"predecessor-version":[{"id":32562,"href":"http:\/\/elobservatorio.com.mx\/index.php?rest_route=\/wp\/v2\/posts\/32560\/revisions\/32562"}],"wp:featuredmedia":[{"embeddable":true,"href":"http:\/\/elobservatorio.com.mx\/index.php?rest_route=\/wp\/v2\/media\/32561"}],"wp:attachment":[{"href":"http:\/\/elobservatorio.com.mx\/index.php?rest_route=%2Fwp%2Fv2%2Fmedia&parent=32560"}],"wp:term":[{"taxonomy":"category","embeddable":true,"href":"http:\/\/elobservatorio.com.mx\/index.php?rest_route=%2Fwp%2Fv2%2Fcategories&post=32560"},{"taxonomy":"post_tag","embeddable":true,"href":"http:\/\/elobservatorio.com.mx\/index.php?rest_route=%2Fwp%2Fv2%2Ftags&post=32560"}],"curies":[{"name":"wp","href":"https:\/\/api.w.org\/{rel}","templated":true}]}}