{"id":32563,"date":"2025-05-14T20:49:44","date_gmt":"2025-05-15T02:49:44","guid":{"rendered":"http:\/\/elobservatorio.com.mx\/?p=32563"},"modified":"2025-05-14T20:49:44","modified_gmt":"2025-05-15T02:49:44","slug":"gobierno-de-riult-rivera-impulsa-campana-de-descacharrizacion-en-piscila-para-fortalecer-la-salud","status":"publish","type":"post","link":"http:\/\/elobservatorio.com.mx\/?p=32563","title":{"rendered":"Gobierno de Riult Rivera impulsa campa\u00f1a de descacharrizaci\u00f3n en Piscila, para fortalecer la salud"},"content":{"rendered":"<ul>\n<li><em>Arranca campa\u00f1a de recolecci\u00f3n de cacharros en coordinaci\u00f3n con la Jurisdicci\u00f3n Sanitaria No.1.<\/em><\/li>\n<\/ul>\n<p>*La principal ocupaci\u00f3n del Ayuntamiento es fortalecer a las comunidades, y una de las bases fundamentales es la salud, afirm\u00f3 la regidora Isabel Flores.<\/p>\n<p>Colima, Col., 14 de mayo de 2025.- Con el objetivo de avanzar en la certificaci\u00f3n de Piscila como una comunidad promotora de la salud, el Ayuntamiento de Colima que encabeza el Presidente Riult Rivera, en coordinaci\u00f3n con la Jurisdicci\u00f3n Sanitaria N\u00famero Uno de la Secretar\u00eda de Salud, dio arranque a la campa\u00f1a de descacharrizaci\u00f3n en el jard\u00edn principal de la comunidad.<\/p>\n<p>Esta acci\u00f3n forma parte del Programa de Entornos y Comunidades Saludables y busca fortalecer la participaci\u00f3n ciudadana en la prevenci\u00f3n del dengue y otras enfermedades transmitidas por vectores.<\/p>\n<p>Durante el evento, se destac\u00f3 la importancia del trabajo conjunto entre autoridades municipales, estatales y los propios habitantes de Piscila.<\/p>\n<p>En representaci\u00f3n del presidente municipal de Colima, Riult Rivera Guti\u00e9rrez, la regidora Ana Isabel Flores Viera, presidenta de la Comisi\u00f3n de Salud P\u00fablica, Familia y Grupos Vulnerables, subray\u00f3 que \u201cla principal ocupaci\u00f3n del Ayuntamiento es fortalecer a las comunidades, y una de las bases fundamentales es la salud; por eso, ver esta uni\u00f3n y disposici\u00f3n para trabajar en equipo es motivo de orgullo y compromiso\u201d.<\/p>\n<p>Por su parte, Irene Viridiana Villa Padilla, jefa de la Jurisdicci\u00f3n Sanitaria N\u00famero Uno, agradeci\u00f3 la participaci\u00f3n de la comunidad y reiter\u00f3 la relevancia de mantener medidas preventivas como la estrategia \u201clava, tapa, voltea y tira\u201d.<\/p>\n<p>Recalc\u00f3 que \u201csin criaderos no hay mosquitos, y sin mosquitos no hay dengue\u201d, haciendo un llamado a mantener hogares y espacios p\u00fablicos libres de objetos que puedan acumular agua.<\/p>\n<p>El arranque de esta campa\u00f1a representa un paso significativo hacia la construcci\u00f3n de un entorno m\u00e1s saludable y seguro para las familias de Piscila.<\/p>\n<p>Las jornadas de descacharrizaci\u00f3n, impulsadas por la administraci\u00f3n que encabeza Riult Rivera, continuar\u00e1n en las pr\u00f3ximas semanas, con el acompa\u00f1amiento del personal de Salud y brigadas de limpia y sanidad municipales, promoviendo una cultura de prevenci\u00f3n y responsabilidad compartida.<\/p>\n<p>De esta manera, el Ayuntamiento de Colima reafirma su compromiso con la salud p\u00fablica como eje prioritario para la construcci\u00f3n de Otro Colima, con comunidades m\u00e1s fuertes, seguras y con mejor calidad de vida.<\/p>\n","protected":false},"excerpt":{"rendered":"<p>Arranca campa\u00f1a de recolecci\u00f3n de cacharros en coordinaci\u00f3n con la Jurisdicci\u00f3n Sanitaria No.1. *La principal ocupaci\u00f3n del Ayuntamiento es fortalecer a las comunidades, y una de las bases fundamentales es la salud, afirm\u00f3 la regidora Isabel Flores. Colima, Col., 14 de mayo de 2025.- Con el objetivo de avanzar en la certificaci\u00f3n de Piscila como&#8230;<\/p>\n","protected":false},"author":2,"featured_media":32564,"comment_status":"closed","ping_status":"open","sticky":false,"template":"","format":"standard","meta":{"footnotes":""},"categories":[8,36],"tags":[29,30,28],"class_list":["post-32563","post","type-post","status-publish","format-standard","has-post-thumbnail","hentry","category-municipios","category-colima","tag-grid","tag-news","tag-slider"],"_links":{"self":[{"href":"http:\/\/elobservatorio.com.mx\/index.php?rest_route=\/wp\/v2\/posts\/32563"}],"collection":[{"href":"http:\/\/elobservatorio.com.mx\/index.php?rest_route=\/wp\/v2\/posts"}],"about":[{"href":"http:\/\/elobservatorio.com.mx\/index.php?rest_route=\/wp\/v2\/types\/post"}],"author":[{"embeddable":true,"href":"http:\/\/elobservatorio.com.mx\/index.php?rest_route=\/wp\/v2\/users\/2"}],"replies":[{"embeddable":true,"href":"http:\/\/elobservatorio.com.mx\/index.php?rest_route=%2Fwp%2Fv2%2Fcomments&post=32563"}],"version-history":[{"count":1,"href":"http:\/\/elobservatorio.com.mx\/index.php?rest_route=\/wp\/v2\/posts\/32563\/revisions"}],"predecessor-version":[{"id":32565,"href":"http:\/\/elobservatorio.com.mx\/index.php?rest_route=\/wp\/v2\/posts\/32563\/revisions\/32565"}],"wp:featuredmedia":[{"embeddable":true,"href":"http:\/\/elobservatorio.com.mx\/index.php?rest_route=\/wp\/v2\/media\/32564"}],"wp:attachment":[{"href":"http:\/\/elobservatorio.com.mx\/index.php?rest_route=%2Fwp%2Fv2%2Fmedia&parent=32563"}],"wp:term":[{"taxonomy":"category","embeddable":true,"href":"http:\/\/elobservatorio.com.mx\/index.php?rest_route=%2Fwp%2Fv2%2Fcategories&post=32563"},{"taxonomy":"post_tag","embeddable":true,"href":"http:\/\/elobservatorio.com.mx\/index.php?rest_route=%2Fwp%2Fv2%2Ftags&post=32563"}],"curies":[{"name":"wp","href":"https:\/\/api.w.org\/{rel}","templated":true}]}}