{"id":32569,"date":"2025-05-14T22:05:05","date_gmt":"2025-05-15T04:05:05","guid":{"rendered":"http:\/\/elobservatorio.com.mx\/?p=32569"},"modified":"2025-05-14T22:05:05","modified_gmt":"2025-05-15T04:05:05","slug":"se-suma-udec-a-jornada-nacional-de-tequios-por-la-paz-y-contra-las-adicciones","status":"publish","type":"post","link":"http:\/\/elobservatorio.com.mx\/?p=32569","title":{"rendered":"Se suma UdeC a Jornada Nacional de Tequios por la Paz y contra las Adicciones"},"content":{"rendered":"<p><em>*\u201cNuestro pa\u00eds, nuestro planeta tiene que cambiar y alguien tiene que dar el primer paso. Las universidades estamos siendo un veh\u00edculo importante para este tipo de acciones gracias a su respuesta, entusiasmo y solidaridad\u201d: Christian Torres Ortiz, rector.<\/em><\/p>\n<p>Con el fin de promover la cultura de paz, la prevenci\u00f3n de adicciones y el respeto al medioambiente a trav\u00e9s de actividades de participaci\u00f3n ciudadana, este mi\u00e9rcoles 14 de mayo m\u00e1s de 1,400 integrantes de la comunidad universitaria, encabezados por el rector Christian Jorge Torres Ortiz Zerme\u00f1o, se sumaron a la <strong>Jornada Nacional Tequios por la Paz y las Adicciones<\/strong>, con acciones como recolecci\u00f3n de basura en playas y avenidas; esto en los cinco campus que conforman la Universidad de Colima.<\/p>\n<p>Esta Jornada Nacional se llev\u00f3 a cabo simult\u00e1neamente en las 32 entidades del pa\u00eds, con el fin de acercar a los j\u00f3venes a una vida saludable y alejarlos de las drogas. La iniciativa es impulsada por el Gobierno de M\u00e9xico, el Instituto Mexicano de la Juventud (IMJUVE), la Secretar\u00eda de Educaci\u00f3n P\u00fablica y la Asociaci\u00f3n Nacional de Universidades e Instituciones de Educaci\u00f3n Superior (ANUIES). Busca promover la cultura de paz, la participaci\u00f3n comunitaria y la prevenci\u00f3n de las adicciones entre la juventud.<\/p>\n<p>En las cinco delegaciones de la UdeC participaron estudiantes, docentes, directivos, coordinadores y personal de los sectores. Esas m\u00e1s de 1,400 personas realizaron las siguientes actividades: La Delegaci\u00f3n Colima (con alrededor de 600 participantes), limpi\u00f3 4 kil\u00f3metros del tercer anillo perif\u00e9rico, en el tramo comprendido entre la Avenida Camino Real y la Avenida Constituci\u00f3n. El Campus Tecom\u00e1n limpi\u00f3 el Malec\u00f3n de Pascuales; la Delegaci\u00f3n Coquimatl\u00e1n recogi\u00f3 basura en la colonia Emiliano Zapata. Por su parte, la Delegaci\u00f3n Villa de \u00c1lvarez limpi\u00f3 el \u00e1rea verde de la colonia El Yaqui.<\/p>\n<p>En Colima, al finalizar la Jornada, el rector tom\u00f3 la palabra para agradecer la voluntad y solidaridad de la comunidad universitaria. \u201cSe trata tambi\u00e9n de que la Universidad ponga el ejemplo y sea adem\u00e1s un buen ejemplo, por lo que les pido que seamos una c\u00e9lula que llegue a otros espacios y que nos convirtamos en ejemplo. Empecemos por nuestras familias, por nuestra cuadra, por nuestra colonia, por nuestro municipio\u201d.<\/p>\n<p>\u201cEste tipo de Jornadas son un llamado a generar conciencia. Nuestro pa\u00eds, nuestro planeta tiene que cambiar y alguien tiene que dar el primer paso. Las universidades estamos siendo un veh\u00edculo importante para este tipo de acciones gracias a su respuesta, entusiasmo y solidaridad\u201d, asegur\u00f3. Antes de concluir, el rector agradeci\u00f3 la voluntad de la comunidad universitaria para participar en esta importante acci\u00f3n. \u201cSigamos siendo un extraordinario ejemplo, generando conciencia en el cuidado del medio ambiente y de nuestro planeta\u201d.<\/p>\n<p>En entrevista, Torres Ortiz Zerme\u00f1o recalc\u00f3 que, con acciones como \u00e9sta, en todo el estado hay una expresi\u00f3n de la Universidad solidaria que atiende su entorno. \u201cQuiero insistir en poner un buen ejemplo a nuestros estudiantes, a la sociedad, a todos los que vivimos en este hermoso estado. Hay que cuidarlo, lo tenemos que cuidar en todas sus expresiones\u201d.<\/p>\n<p>Destac\u00f3, adem\u00e1s, las acciones que la Universidad realiza a favor del medio ambiente, \u201cesfuerzos que se han visto reflejados al aparecer en el ranking mundial de universidades ecol\u00f3gicas. Tenemos un enorme reto en ese tema; acu\u00e9rdense de que contamos con un eje transversal de gesti\u00f3n ambiental y sustentabilidad y, en ese sentido, la Universidad seguir\u00e1 trabajando con acciones como \u00e9sta, que tienen que ver con el cuidado del medio ambiente\u201d.<\/p>\n<p>\u00abCreo que lo m\u00e1s valioso es el ejemplo y la lecci\u00f3n que se pueden llevar nuestros estudiantes al participar activamente en una acci\u00f3n como \u00e9sta\u201d, concluy\u00f3.<\/p>\n<p><strong>Delegaci\u00f3n Tecom\u00e1n<\/strong><\/p>\n<p>En esta delegaci\u00f3n, la actividad se llev\u00f3 a cabo en el malec\u00f3n de la comunidad de Pascuales, donde se realizaron labores de limpieza y restauraci\u00f3n del entorno natural, fortaleciendo el sentido de pertenencia y la convivencia arm\u00f3nica en el espacio p\u00fablico. Participaron 192 integrantes de la comunidad universitaria, entre estudiantes, docentes y personal administrativo, <strong>de los cuales 125 fueron mujeres<\/strong>.<\/p>\n<p>La delegada del campus, Ana Lilia Moreno Osegueda, subray\u00f3 la relevancia del tequio como una pr\u00e1ctica ancestral de solidaridad comunitaria heredada de los pueblos originarios. \u201cEsta jornada, m\u00e1s que una actividad, representa un acto de compromiso con nuestra comunidad y con M\u00e9xico\u201d, se\u00f1al\u00f3.<\/p>\n<p>Destac\u00f3 que \u201cel tequio es mucho m\u00e1s que una acci\u00f3n: es una expresi\u00f3n profunda de solidaridad, de comunidad y de identidad. Sabemos que no se trata solo de recoger residuos, sino de sembrar conciencia\u201d.<\/p>\n<p>La estudiante Samali Cayetano, de la Licenciatura en Biolog\u00eda, dijo que cada a\u00f1o se vierten m\u00e1s de 8 millones de toneladas de este material en los oc\u00e9anos, lo cual provoca la muerte de m\u00e1s de un mill\u00f3n de animales marinos y la formaci\u00f3n de enormes acumulaciones de basura, como la Gran Mancha del Pac\u00edfico. \u201cEstas acciones en zonas costeras son esenciales para mitigar la contaminaci\u00f3n marina, preservar la vida acu\u00e1tica y generar conciencia ambiental\u201d, expres\u00f3.<\/p>\n<p>Los y las participantes pueden compartir su experiencia en redes sociales mediante los hashtags #TequiosPorLaPaz y #S\u00edSoyTequioUdeC, como una forma de visibilizar el impacto positivo de estas acciones comunitarias.<\/p>\n<p>En la Delegaci\u00f3n Villa de \u00c1lvarez, la comunidad universitaria, integrada por 171 personas, 67 mujeres y 23 hombres, junt\u00f3 basura, limpi\u00f3 y barri\u00f3 el \u00e1rea verde que divide a las colonias El Yaqui y Rancho Blanco.<\/p>\n<p>En la delegaci\u00f3n Coquimatl\u00e1n, 200 universitarios limpiaron las laderas del r\u00edo, calles y jardines de la Colonia Emiliano Zapata.<\/p>\n","protected":false},"excerpt":{"rendered":"<p>*\u201cNuestro pa\u00eds, nuestro planeta tiene que cambiar y alguien tiene que dar el primer paso. Las universidades estamos siendo un veh\u00edculo importante para este tipo de acciones gracias a su respuesta, entusiasmo y solidaridad\u201d: Christian Torres Ortiz, rector. Con el fin de promover la cultura de paz, la prevenci\u00f3n de adicciones y el respeto al&#8230;<\/p>\n","protected":false},"author":2,"featured_media":32570,"comment_status":"closed","ping_status":"open","sticky":false,"template":"","format":"standard","meta":{"footnotes":""},"categories":[14],"tags":[29,30,28],"class_list":["post-32569","post","type-post","status-publish","format-standard","has-post-thumbnail","hentry","category-educacion-y-cultura","tag-grid","tag-news","tag-slider"],"_links":{"self":[{"href":"http:\/\/elobservatorio.com.mx\/index.php?rest_route=\/wp\/v2\/posts\/32569"}],"collection":[{"href":"http:\/\/elobservatorio.com.mx\/index.php?rest_route=\/wp\/v2\/posts"}],"about":[{"href":"http:\/\/elobservatorio.com.mx\/index.php?rest_route=\/wp\/v2\/types\/post"}],"author":[{"embeddable":true,"href":"http:\/\/elobservatorio.com.mx\/index.php?rest_route=\/wp\/v2\/users\/2"}],"replies":[{"embeddable":true,"href":"http:\/\/elobservatorio.com.mx\/index.php?rest_route=%2Fwp%2Fv2%2Fcomments&post=32569"}],"version-history":[{"count":1,"href":"http:\/\/elobservatorio.com.mx\/index.php?rest_route=\/wp\/v2\/posts\/32569\/revisions"}],"predecessor-version":[{"id":32571,"href":"http:\/\/elobservatorio.com.mx\/index.php?rest_route=\/wp\/v2\/posts\/32569\/revisions\/32571"}],"wp:featuredmedia":[{"embeddable":true,"href":"http:\/\/elobservatorio.com.mx\/index.php?rest_route=\/wp\/v2\/media\/32570"}],"wp:attachment":[{"href":"http:\/\/elobservatorio.com.mx\/index.php?rest_route=%2Fwp%2Fv2%2Fmedia&parent=32569"}],"wp:term":[{"taxonomy":"category","embeddable":true,"href":"http:\/\/elobservatorio.com.mx\/index.php?rest_route=%2Fwp%2Fv2%2Fcategories&post=32569"},{"taxonomy":"post_tag","embeddable":true,"href":"http:\/\/elobservatorio.com.mx\/index.php?rest_route=%2Fwp%2Fv2%2Ftags&post=32569"}],"curies":[{"name":"wp","href":"https:\/\/api.w.org\/{rel}","templated":true}]}}