{"id":32575,"date":"2025-05-14T22:51:49","date_gmt":"2025-05-15T04:51:49","guid":{"rendered":"http:\/\/elobservatorio.com.mx\/?p=32575"},"modified":"2025-05-14T22:51:49","modified_gmt":"2025-05-15T04:51:49","slug":"invitan-a-callejoneada-entre-museos-este-sabado","status":"publish","type":"post","link":"http:\/\/elobservatorio.com.mx\/?p=32575","title":{"rendered":"Invitan a Callejoneada entre museos, este s\u00e1bado"},"content":{"rendered":"<p><em>*La idea es conmemorar el D\u00eda Internacional de los Museos y lograr que m\u00e1s gente conozca la oferta cultural que los museos de Colima ofrecen.<\/em><\/p>\n<p><em>\u00a0<\/em>En el marco del D\u00eda Internacional de los Museos (DIM), que se conmemora el 18 de mayo, integrantes de la Red de Museos de la Universidad de Colima anunciaron la realizaci\u00f3n de la segunda \u201cCallejoneada entre museos\u201d, una actividad cultural abierta al p\u00fablico que se llevar\u00e1 a cabo este s\u00e1bado 17 de mayo, a partir de las 5 de la tarde. Iniciar\u00e1 en la explanada del IUBA y concluir\u00e1 en el Museo Regional de Historia de Colima.<\/p>\n<p>Ada Karmina Benavides Rosales, directora del Museo Universitario \u201cFernando del Paso\u201d, detall\u00f3 que durante el recorrido, denominado \u201cDe paso por el Del Paso\u201d, se realizar\u00e1n dos visitas guiadas a las exposiciones permanentes y temporales del recinto. \u201cEl objetivo del D\u00eda Internacional de los Museos es reflexionar sobre c\u00f3mo los museos se interrelacionan con sus comunidades\u201d, explic\u00f3,<\/p>\n<p>Agreg\u00f3 que, adem\u00e1s de la callejoneada, el museo abrir\u00e1 el d\u00eda 22 la exposici\u00f3n \u201cMujeres de peso\u201d, de la fotoperiodista Patricia Aridjis, y realizar\u00e1 una charla abierta al p\u00fablico. \u201cLa entrada ser\u00e1 totalmente libre para todo p\u00fablico; queremos que conozcan el acervo que don\u00f3 Fernando del Paso, con m\u00e1s de 3,500 piezas\u201d, puntualiz\u00f3.<\/p>\n<p>Gloria Elizondo Gonz\u00e1lez, directora del Museo Universitario Alejandro Rangel Hidalgo, ubicado en Nogueras, Comala, se\u00f1al\u00f3 que debido a la distancia no participar\u00e1n directamente en la caminata, pero ofrecer\u00e1n actividades especiales para conmemorar el DIM.<\/p>\n<p>\u201cTendremos visitas guiadas el domingo a las 11 de la ma\u00f1ana, y quiz\u00e1s una sorpresa: el acceso a un espacio que pocas veces se abre al p\u00fablico\u201d, dijo. A\u00f1adi\u00f3 que desde las 10 de la ma\u00f1ana estar\u00e1 abierto el museo con entrada libre.<\/p>\n<p>Por su parte, Jaime Guillermo Bricio Barrios, director del Museo Universitario de Artes Populares \u201cMar\u00eda Teresa Pomar\u201d, expres\u00f3 su entusiasmo por sumarse al recorrido, destacando que este recinto alberga una rica muestra de arte popular y cosmovisiones ind\u00edgenas.<\/p>\n<p>\u201cSer\u00e1 un gusto recibir a todos los visitantes con una muestra muy interesante sobre la cultura popular colimense y la visi\u00f3n de los pueblos originarios\u201d, coment\u00f3. Adem\u00e1s, adelant\u00f3 que habr\u00e1 actividades de apreciaci\u00f3n musical y algunas sorpresas durante el recorrido.<\/p>\n<p>En representaci\u00f3n del Museo Palacio, Miguel Olmedo inform\u00f3 que este recinto ser\u00e1 una de las estaciones de la callejoneada. All\u00ed se recibir\u00e1 al p\u00fablico con una explicaci\u00f3n sobre la historia del edificio. \u201cQueremos abrir nuevamente a la gente el centro hist\u00f3rico como un gran museo vivo\u201d, expres\u00f3.<\/p>\n<p>Tambi\u00e9n anunci\u00f3 la presentaci\u00f3n del grupo folcl\u00f3rico infantil de la Secretar\u00eda de Educaci\u00f3n y Cultura, as\u00ed como una visita guiada el domingo 18, a cargo de la artista Elena Favela, cuya exposici\u00f3n, hecha con materiales reciclados, se exhibe actualmente en ese lugar.<\/p>\n<p>Finalmente, Fernando Rodr\u00edguez Garc\u00eda, director del Museo Regional de Historia de Colima, subray\u00f3 el impacto social de esta Callejoneada, recordando que el a\u00f1o pasado se esperaban 70 personas y asistieron m\u00e1s de 300.<\/p>\n<p>\u201cQueremos hacer sinergia sumando los p\u00fablicos de cada museo, porque muchas personas a\u00fan no conocen todo lo que ofrecemos durante el a\u00f1o\u201d, se\u00f1al\u00f3. Detall\u00f3 que el recorrido incluir\u00e1 intervenciones teatrales, estaciones hist\u00f3ricas, grupos art\u00edsticos como el ballet infantil de la Universidad de Colima y una presentaci\u00f3n final en el Museo Regional que destacar\u00e1 la historia del pozo salinero.<\/p>\n<p>\u201cNuestra ciudad es un museo, y queremos que la comunidad colimense la redescubra a pie, con ropa c\u00f3moda, agua y mucho entusiasmo\u201d, concluy\u00f3.<\/p>\n","protected":false},"excerpt":{"rendered":"<p>*La idea es conmemorar el D\u00eda Internacional de los Museos y lograr que m\u00e1s gente conozca la oferta cultural que los museos de Colima ofrecen. \u00a0En el marco del D\u00eda Internacional de los Museos (DIM), que se conmemora el 18 de mayo, integrantes de la Red de Museos de la Universidad de Colima anunciaron la&#8230;<\/p>\n","protected":false},"author":2,"featured_media":32576,"comment_status":"closed","ping_status":"open","sticky":false,"template":"","format":"standard","meta":{"footnotes":""},"categories":[14],"tags":[29,30,28],"class_list":["post-32575","post","type-post","status-publish","format-standard","has-post-thumbnail","hentry","category-educacion-y-cultura","tag-grid","tag-news","tag-slider"],"_links":{"self":[{"href":"http:\/\/elobservatorio.com.mx\/index.php?rest_route=\/wp\/v2\/posts\/32575"}],"collection":[{"href":"http:\/\/elobservatorio.com.mx\/index.php?rest_route=\/wp\/v2\/posts"}],"about":[{"href":"http:\/\/elobservatorio.com.mx\/index.php?rest_route=\/wp\/v2\/types\/post"}],"author":[{"embeddable":true,"href":"http:\/\/elobservatorio.com.mx\/index.php?rest_route=\/wp\/v2\/users\/2"}],"replies":[{"embeddable":true,"href":"http:\/\/elobservatorio.com.mx\/index.php?rest_route=%2Fwp%2Fv2%2Fcomments&post=32575"}],"version-history":[{"count":1,"href":"http:\/\/elobservatorio.com.mx\/index.php?rest_route=\/wp\/v2\/posts\/32575\/revisions"}],"predecessor-version":[{"id":32577,"href":"http:\/\/elobservatorio.com.mx\/index.php?rest_route=\/wp\/v2\/posts\/32575\/revisions\/32577"}],"wp:featuredmedia":[{"embeddable":true,"href":"http:\/\/elobservatorio.com.mx\/index.php?rest_route=\/wp\/v2\/media\/32576"}],"wp:attachment":[{"href":"http:\/\/elobservatorio.com.mx\/index.php?rest_route=%2Fwp%2Fv2%2Fmedia&parent=32575"}],"wp:term":[{"taxonomy":"category","embeddable":true,"href":"http:\/\/elobservatorio.com.mx\/index.php?rest_route=%2Fwp%2Fv2%2Fcategories&post=32575"},{"taxonomy":"post_tag","embeddable":true,"href":"http:\/\/elobservatorio.com.mx\/index.php?rest_route=%2Fwp%2Fv2%2Ftags&post=32575"}],"curies":[{"name":"wp","href":"https:\/\/api.w.org\/{rel}","templated":true}]}}