{"id":32596,"date":"2025-05-21T15:10:13","date_gmt":"2025-05-21T21:10:13","guid":{"rendered":"http:\/\/elobservatorio.com.mx\/?p=32596"},"modified":"2025-05-21T15:10:13","modified_gmt":"2025-05-21T21:10:13","slug":"exitosa-lectura-en-voz-alta-abejas-y-polinizacion","status":"publish","type":"post","link":"http:\/\/elobservatorio.com.mx\/?p=32596","title":{"rendered":"Exitosa Lectura en Voz Alta \u201cAbejas y Polinizaci\u00f3n\u201d"},"content":{"rendered":"<p><em>*Como parte de la XXVII Feria del Libro Universitario Altexto 2025, que la Universidad de Colima organiza en todo el estado.<\/em><\/p>\n<p>En el marco de la XXVII Feria del Libro Altexto 2025, celebrada del 19 al 25 de mayo, la Facultad de Ciencias Biol\u00f3gicas y Agropecuarias de la Universidad de Colima, en el campus Tecom\u00e1n, alberg\u00f3 la lectura en voz alta \u201cAbejas y Polinizaci\u00f3n\u201d, una actividad que combin\u00f3 letras, ciencia y conciencia ambiental en honor al D\u00eda Mundial de la Abeja.<\/p>\n<p>La din\u00e1mica, dirigida a aproximadamente 40 j\u00f3venes, gran parte del cuarto semestre de la carrera de Ingeniero Agr\u00f3nomo, super\u00f3 las expectativas de asistencia. Los estudiantes, acompa\u00f1ados por las docentes Elvira Silva Jim\u00e9nez y Rosa Alejandra del Viento Camacho, mostraron gran inter\u00e9s en el tema, participando activamente con preguntas y reflexiones.<\/p>\n<p>Elvira Silva destac\u00f3 que, durante la sesi\u00f3n, se destac\u00f3 la importancia de las abejas y otros polinizadores para la salud de los ecosistemas, la agricultura y la seguridad alimentaria. Las maestras enfatizaron que estos insectos contribuyen a la polinizaci\u00f3n de m\u00e1s del 75% de los cultivos a nivel mundial, enfrentando desaf\u00edos cr\u00edticos como el cambio clim\u00e1tico y la p\u00e9rdida de h\u00e1bitats.<\/p>\n<p>La lectura del texto \u201cEl Reino de las Abejas\u201d, un relato que mezcla fantas\u00eda y realidad, permiti\u00f3 a los asistentes apreciar la belleza del mundo ap\u00edcola y su conexi\u00f3n con el arte y la literatura. La actividad culmin\u00f3 en un ambiente de alegr\u00eda y aprendizaje, donde los j\u00f3venes valoraron el papel de las abejas como ingenieras naturales de la biodiversidad.<\/p>\n<p>La docente concluy\u00f3 celebrando que la iniciativa reforz\u00f3 el compromiso de la UdeC con la educaci\u00f3n ambiental y la promoci\u00f3n de la lectura, \u201cdemostrando c\u00f3mo la ciencia y las humanidades pueden unirse para inspirar soluciones sostenibles\u201d.<\/p>\n<p>&nbsp;<\/p>\n","protected":false},"excerpt":{"rendered":"<p>*Como parte de la XXVII Feria del Libro Universitario Altexto 2025, que la Universidad de Colima organiza en todo el estado. En el marco de la XXVII Feria del Libro Altexto 2025, celebrada del 19 al 25 de mayo, la Facultad de Ciencias Biol\u00f3gicas y Agropecuarias de la Universidad de Colima, en el campus Tecom\u00e1n,&#8230;<\/p>\n","protected":false},"author":2,"featured_media":32597,"comment_status":"closed","ping_status":"open","sticky":false,"template":"","format":"standard","meta":{"footnotes":""},"categories":[14],"tags":[29,30,28],"class_list":["post-32596","post","type-post","status-publish","format-standard","has-post-thumbnail","hentry","category-educacion-y-cultura","tag-grid","tag-news","tag-slider"],"_links":{"self":[{"href":"http:\/\/elobservatorio.com.mx\/index.php?rest_route=\/wp\/v2\/posts\/32596"}],"collection":[{"href":"http:\/\/elobservatorio.com.mx\/index.php?rest_route=\/wp\/v2\/posts"}],"about":[{"href":"http:\/\/elobservatorio.com.mx\/index.php?rest_route=\/wp\/v2\/types\/post"}],"author":[{"embeddable":true,"href":"http:\/\/elobservatorio.com.mx\/index.php?rest_route=\/wp\/v2\/users\/2"}],"replies":[{"embeddable":true,"href":"http:\/\/elobservatorio.com.mx\/index.php?rest_route=%2Fwp%2Fv2%2Fcomments&post=32596"}],"version-history":[{"count":1,"href":"http:\/\/elobservatorio.com.mx\/index.php?rest_route=\/wp\/v2\/posts\/32596\/revisions"}],"predecessor-version":[{"id":32598,"href":"http:\/\/elobservatorio.com.mx\/index.php?rest_route=\/wp\/v2\/posts\/32596\/revisions\/32598"}],"wp:featuredmedia":[{"embeddable":true,"href":"http:\/\/elobservatorio.com.mx\/index.php?rest_route=\/wp\/v2\/media\/32597"}],"wp:attachment":[{"href":"http:\/\/elobservatorio.com.mx\/index.php?rest_route=%2Fwp%2Fv2%2Fmedia&parent=32596"}],"wp:term":[{"taxonomy":"category","embeddable":true,"href":"http:\/\/elobservatorio.com.mx\/index.php?rest_route=%2Fwp%2Fv2%2Fcategories&post=32596"},{"taxonomy":"post_tag","embeddable":true,"href":"http:\/\/elobservatorio.com.mx\/index.php?rest_route=%2Fwp%2Fv2%2Ftags&post=32596"}],"curies":[{"name":"wp","href":"https:\/\/api.w.org\/{rel}","templated":true}]}}