{"id":32599,"date":"2025-05-22T13:43:43","date_gmt":"2025-05-22T19:43:43","guid":{"rendered":"http:\/\/elobservatorio.com.mx\/?p=32599"},"modified":"2025-05-22T13:43:43","modified_gmt":"2025-05-22T19:43:43","slug":"empodera-villa-de-alvarez-a-mujeres-emprendedoras","status":"publish","type":"post","link":"http:\/\/elobservatorio.com.mx\/?p=32599","title":{"rendered":"Empodera Villa de \u00c1lvarez a mujeres emprendedoras"},"content":{"rendered":"<ul>\n<li><em>El pr\u00f3ximo domingo se realizar\u00e1 Mercadito de Mujeres Emprendedoras, en la colonia Buena Vista<\/em><\/li>\n<\/ul>\n<p>Villa de \u00c1lvarez, Col.- En apoyo a las mujeres que buscan consolidar su negocio o iniciar un emprendimiento, el Ayuntamiento de Villa de \u00c1lvarez que encabeza Tey Guti\u00e9rrez, a trav\u00e9s del Instituto de las Mujeres Villalvarenses, realizar\u00e1 el Mercadito de Mujeres Emprendedoras en la colonia Buena Vista.<\/p>\n<p>Esta vendimia se llevar\u00e1 a cabo el domingo 25 de mayo a partir de las 9:00 de la ma\u00f1ana y se realizar\u00e1 en el Andador de las Parotas, justo afuera de la capilla de la colonia.<\/p>\n<p>Se invita a las mujeres empresarias, a las que ya tienen su negocio o est\u00e1n por iniciarlo, a que asistan a esta edici\u00f3n del Mercadito de Mujeres Emprendedoras, que servir\u00e1 para empoderar a las comerciantes que ofrecen diversos servicios y productos como ropa, alimentos, accesorios y m\u00e1s.<\/p>\n","protected":false},"excerpt":{"rendered":"<p>El pr\u00f3ximo domingo se realizar\u00e1 Mercadito de Mujeres Emprendedoras, en la colonia Buena Vista Villa de \u00c1lvarez, Col.- En apoyo a las mujeres que buscan consolidar su negocio o iniciar un emprendimiento, el Ayuntamiento de Villa de \u00c1lvarez que encabeza Tey Guti\u00e9rrez, a trav\u00e9s del Instituto de las Mujeres Villalvarenses, realizar\u00e1 el Mercadito de Mujeres&#8230;<\/p>\n","protected":false},"author":2,"featured_media":32600,"comment_status":"closed","ping_status":"open","sticky":false,"template":"","format":"standard","meta":{"footnotes":""},"categories":[8,42],"tags":[29,30,28],"class_list":["post-32599","post","type-post","status-publish","format-standard","has-post-thumbnail","hentry","category-municipios","category-villa-de-alvarez","tag-grid","tag-news","tag-slider"],"_links":{"self":[{"href":"http:\/\/elobservatorio.com.mx\/index.php?rest_route=\/wp\/v2\/posts\/32599"}],"collection":[{"href":"http:\/\/elobservatorio.com.mx\/index.php?rest_route=\/wp\/v2\/posts"}],"about":[{"href":"http:\/\/elobservatorio.com.mx\/index.php?rest_route=\/wp\/v2\/types\/post"}],"author":[{"embeddable":true,"href":"http:\/\/elobservatorio.com.mx\/index.php?rest_route=\/wp\/v2\/users\/2"}],"replies":[{"embeddable":true,"href":"http:\/\/elobservatorio.com.mx\/index.php?rest_route=%2Fwp%2Fv2%2Fcomments&post=32599"}],"version-history":[{"count":1,"href":"http:\/\/elobservatorio.com.mx\/index.php?rest_route=\/wp\/v2\/posts\/32599\/revisions"}],"predecessor-version":[{"id":32601,"href":"http:\/\/elobservatorio.com.mx\/index.php?rest_route=\/wp\/v2\/posts\/32599\/revisions\/32601"}],"wp:featuredmedia":[{"embeddable":true,"href":"http:\/\/elobservatorio.com.mx\/index.php?rest_route=\/wp\/v2\/media\/32600"}],"wp:attachment":[{"href":"http:\/\/elobservatorio.com.mx\/index.php?rest_route=%2Fwp%2Fv2%2Fmedia&parent=32599"}],"wp:term":[{"taxonomy":"category","embeddable":true,"href":"http:\/\/elobservatorio.com.mx\/index.php?rest_route=%2Fwp%2Fv2%2Fcategories&post=32599"},{"taxonomy":"post_tag","embeddable":true,"href":"http:\/\/elobservatorio.com.mx\/index.php?rest_route=%2Fwp%2Fv2%2Ftags&post=32599"}],"curies":[{"name":"wp","href":"https:\/\/api.w.org\/{rel}","templated":true}]}}