{"id":32616,"date":"2025-05-29T11:49:33","date_gmt":"2025-05-29T17:49:33","guid":{"rendered":"http:\/\/elobservatorio.com.mx\/?p=32616"},"modified":"2025-05-29T11:50:42","modified_gmt":"2025-05-29T17:50:42","slug":"ley-seca-el-proximo-fin-de-semana-en-el-municipio-de-colima-con-motivo-de-la-eleccion-del-poder-judicial","status":"publish","type":"post","link":"http:\/\/elobservatorio.com.mx\/?p=32616","title":{"rendered":"Ley seca este fin de semana en el municipio de Colima con motivo de la elecci\u00f3n del Poder Judicial."},"content":{"rendered":"<p><em>* Gobierno de Riult Rivera impulsa acciones ambientales en la colonia El Yaqui<\/em><\/p>\n<p>Colima, Col. \u2014 En atenci\u00f3n a las instrucciones del presidente municipal Riult Rivera, el Ayuntamiento de Colima, a trav\u00e9s de la Direcci\u00f3n de Ecolog\u00eda y Medio Ambiente, llev\u00f3 a cabo una serie de actividades para el fortalecimiento de los espacios verdes y la conciencia ambiental en la colonia El Yaqui.<\/p>\n<p>Como parte de estas acciones, se realiz\u00f3 la creaci\u00f3n de un huerto urbano, as\u00ed como la siembra de plantas ornamentales y medicinales en el Jard\u00edn del Ed\u00e9n. Asimismo, se colocaron etiquetas con el nombre com\u00fan y cient\u00edfico de las especies de \u00e1rboles presentes en este espacio, con el objetivo de promover el conocimiento y la conservaci\u00f3n de la biodiversidad local.<\/p>\n<p>Estas labores se desarrollaron en colaboraci\u00f3n con el sindicato Uni\u00f3n y Armon\u00eda y las vecinas y vecinos que cuidan este espacio comunitario, en un esfuerzo conjunto por fomentar la participaci\u00f3n ciudadana y el sentido de pertenencia.<\/p>\n<p>\u00abCon estas actividades, seguimos la visi\u00f3n del presidente municipal, adem\u00e1s fortalecemos la participaci\u00f3n social, promovemos la creaci\u00f3n de espacios verdes y contribuimos al cuidado del medio ambiente en el municipio de Colima\u00bb, destac\u00f3 la titular de la Direcci\u00f3n de Ecolog\u00eda, Nirvana Rocha.<\/p>\n<p>Estas acciones forman parte de la estrategia ambiental impulsada por el gobierno municipal, que busca construir una ciudad m\u00e1s sostenible y consciente del valor de su entorno natural.<\/p>\n","protected":false},"excerpt":{"rendered":"<p>* Gobierno de Riult Rivera impulsa acciones ambientales en la colonia El Yaqui Colima, Col. \u2014 En atenci\u00f3n a las instrucciones del presidente municipal Riult Rivera, el Ayuntamiento de Colima, a trav\u00e9s de la Direcci\u00f3n de Ecolog\u00eda y Medio Ambiente, llev\u00f3 a cabo una serie de actividades para el fortalecimiento de los espacios verdes y&#8230;<\/p>\n","protected":false},"author":2,"featured_media":32617,"comment_status":"closed","ping_status":"open","sticky":false,"template":"","format":"standard","meta":{"footnotes":""},"categories":[8,36],"tags":[29,30,28],"class_list":["post-32616","post","type-post","status-publish","format-standard","has-post-thumbnail","hentry","category-municipios","category-colima","tag-grid","tag-news","tag-slider"],"_links":{"self":[{"href":"http:\/\/elobservatorio.com.mx\/index.php?rest_route=\/wp\/v2\/posts\/32616"}],"collection":[{"href":"http:\/\/elobservatorio.com.mx\/index.php?rest_route=\/wp\/v2\/posts"}],"about":[{"href":"http:\/\/elobservatorio.com.mx\/index.php?rest_route=\/wp\/v2\/types\/post"}],"author":[{"embeddable":true,"href":"http:\/\/elobservatorio.com.mx\/index.php?rest_route=\/wp\/v2\/users\/2"}],"replies":[{"embeddable":true,"href":"http:\/\/elobservatorio.com.mx\/index.php?rest_route=%2Fwp%2Fv2%2Fcomments&post=32616"}],"version-history":[{"count":2,"href":"http:\/\/elobservatorio.com.mx\/index.php?rest_route=\/wp\/v2\/posts\/32616\/revisions"}],"predecessor-version":[{"id":32619,"href":"http:\/\/elobservatorio.com.mx\/index.php?rest_route=\/wp\/v2\/posts\/32616\/revisions\/32619"}],"wp:featuredmedia":[{"embeddable":true,"href":"http:\/\/elobservatorio.com.mx\/index.php?rest_route=\/wp\/v2\/media\/32617"}],"wp:attachment":[{"href":"http:\/\/elobservatorio.com.mx\/index.php?rest_route=%2Fwp%2Fv2%2Fmedia&parent=32616"}],"wp:term":[{"taxonomy":"category","embeddable":true,"href":"http:\/\/elobservatorio.com.mx\/index.php?rest_route=%2Fwp%2Fv2%2Fcategories&post=32616"},{"taxonomy":"post_tag","embeddable":true,"href":"http:\/\/elobservatorio.com.mx\/index.php?rest_route=%2Fwp%2Fv2%2Ftags&post=32616"}],"curies":[{"name":"wp","href":"https:\/\/api.w.org\/{rel}","templated":true}]}}