{"id":32621,"date":"2025-05-31T11:03:06","date_gmt":"2025-05-31T17:03:06","guid":{"rendered":"http:\/\/elobservatorio.com.mx\/?p=32621"},"modified":"2025-05-31T11:03:06","modified_gmt":"2025-05-31T17:03:06","slug":"presidente-riult-rivera-entrega-equipo-a-servicios-publicos-para-temporada-de-lluvias","status":"publish","type":"post","link":"http:\/\/elobservatorio.com.mx\/?p=32621","title":{"rendered":"Presidente Riult Rivera entrega equipo a servicios p\u00fablicos para temporada de lluvias"},"content":{"rendered":"<p>Colima, Col., a 31 de mayo de 2025.\u2013 Este s\u00e1bado, el presidente municipal, Riult Rivera, encabez\u00f3 la entrega de diverso material a la Direcci\u00f3n de Servicios P\u00fablicos, con el prop\u00f3sito de reforzar las labores de limpieza y mantenimiento durante la pr\u00f3xima temporada de lluvias. La ceremonia tuvo lugar en el marco de la brigada de limpieza que se realiz\u00f3 en el arroyo \u201cEl Manrique\u201d, acompa\u00f1ada por todo el equipo del Ayuntamiento de Colima.<\/p>\n<p>Durante el evento, el alcalde subray\u00f3 la importancia de contar con herramientas y equipos adecuados para garantizar la operatividad en situaciones de precipitaci\u00f3n intensa. \u201cCon este equipamiento \u2014asegur\u00f3 Rivera\u2014 podremos atender de manera oportuna y eficiente las labores de poda, remoci\u00f3n de troncos y ramas, mantenimiento de \u00e1reas verdes, evitando as\u00ed encharcamientos y posibles afectaciones en puntos vulnerables de la ciudad\u201d.<\/p>\n<p>A la entrega asistieron la titular de la Direcci\u00f3n de Servicios P\u00fablicos, Ana Escobosa Galindo y su equipo operativo, as\u00ed como regidores, sindicatos, ciudadan\u00eda y funcionarios municipales, quienes atestiguaron la distribuci\u00f3n de los siguientes instrumentos y herramientas:<br \/>\n\u2022 Desbrozadoras<br \/>\n\u2022 Machetes<br \/>\n\u2022 Palas<br \/>\n\u2022 Recogedores<br \/>\n\u2022 Escobas<br \/>\n\u2022 Motosierras<br \/>\n\u2022 Alambre<\/p>\n<p>Este material permitir\u00e1 reforzar los trabajos de limpieza general, la junta de ramas y mantenimiento de jardines en parques y \u00e1reas p\u00fablicas, dando respuesta r\u00e1pida a los reportes ciudadanos y anticip\u00e1ndose a las contingencias que puedan generarse por las lluvias.<\/p>\n<p>La brigada de limpieza en el arroyo \u201cEl Manrique\u201d consisti\u00f3 en la remoci\u00f3n de maleza acumulada, retiro de desechos s\u00f3lidos y poda de vegetaci\u00f3n que podr\u00eda obstruir el cauce durante precipitaciones. Con la entrega de estas herramientas, la Direcci\u00f3n de Servicios P\u00fablicos podr\u00e1 realizar intervenciones de mayor alcance en distintos puntos cr\u00edticos de la ciudad, reduciendo riesgos de encharcamiento en vialidades y fortaleciendo la seguridad de los habitantes.<\/p>\n<p>El Ayuntamiento de Colima reitera su compromiso de trabajar en coordinaci\u00f3n con la ciudadan\u00eda para mantener limpias y despejadas las zonas de riesgo, as\u00ed como para fomentar la cultura de prevenci\u00f3n y cuidado del entorno. De esta manera, se busca minimizar el impacto de las lluvias y garantizar el bienestar de todas las familias colimenses.<\/p>\n","protected":false},"excerpt":{"rendered":"<p>Colima, Col., a 31 de mayo de 2025.\u2013 Este s\u00e1bado, el presidente municipal, Riult Rivera, encabez\u00f3 la entrega de diverso material a la Direcci\u00f3n de Servicios P\u00fablicos, con el prop\u00f3sito de reforzar las labores de limpieza y mantenimiento durante la pr\u00f3xima temporada de lluvias. La ceremonia tuvo lugar en el marco de la brigada de&#8230;<\/p>\n","protected":false},"author":2,"featured_media":32622,"comment_status":"closed","ping_status":"open","sticky":false,"template":"","format":"standard","meta":{"footnotes":""},"categories":[8,36],"tags":[29,30,28],"class_list":["post-32621","post","type-post","status-publish","format-standard","has-post-thumbnail","hentry","category-municipios","category-colima","tag-grid","tag-news","tag-slider"],"_links":{"self":[{"href":"http:\/\/elobservatorio.com.mx\/index.php?rest_route=\/wp\/v2\/posts\/32621"}],"collection":[{"href":"http:\/\/elobservatorio.com.mx\/index.php?rest_route=\/wp\/v2\/posts"}],"about":[{"href":"http:\/\/elobservatorio.com.mx\/index.php?rest_route=\/wp\/v2\/types\/post"}],"author":[{"embeddable":true,"href":"http:\/\/elobservatorio.com.mx\/index.php?rest_route=\/wp\/v2\/users\/2"}],"replies":[{"embeddable":true,"href":"http:\/\/elobservatorio.com.mx\/index.php?rest_route=%2Fwp%2Fv2%2Fcomments&post=32621"}],"version-history":[{"count":1,"href":"http:\/\/elobservatorio.com.mx\/index.php?rest_route=\/wp\/v2\/posts\/32621\/revisions"}],"predecessor-version":[{"id":32623,"href":"http:\/\/elobservatorio.com.mx\/index.php?rest_route=\/wp\/v2\/posts\/32621\/revisions\/32623"}],"wp:featuredmedia":[{"embeddable":true,"href":"http:\/\/elobservatorio.com.mx\/index.php?rest_route=\/wp\/v2\/media\/32622"}],"wp:attachment":[{"href":"http:\/\/elobservatorio.com.mx\/index.php?rest_route=%2Fwp%2Fv2%2Fmedia&parent=32621"}],"wp:term":[{"taxonomy":"category","embeddable":true,"href":"http:\/\/elobservatorio.com.mx\/index.php?rest_route=%2Fwp%2Fv2%2Fcategories&post=32621"},{"taxonomy":"post_tag","embeddable":true,"href":"http:\/\/elobservatorio.com.mx\/index.php?rest_route=%2Fwp%2Fv2%2Ftags&post=32621"}],"curies":[{"name":"wp","href":"https:\/\/api.w.org\/{rel}","templated":true}]}}