{"id":32630,"date":"2025-05-31T13:22:04","date_gmt":"2025-05-31T19:22:04","guid":{"rendered":"http:\/\/elobservatorio.com.mx\/?p=32630"},"modified":"2025-05-31T13:22:04","modified_gmt":"2025-05-31T19:22:04","slug":"fortalece-udec-su-proyeccion-internacional-en-la-feria-nafsa-2025-de-san-diego-california","status":"publish","type":"post","link":"http:\/\/elobservatorio.com.mx\/?p=32630","title":{"rendered":"Fortalece UdeC su proyecci\u00f3n internacional en la feria NAFSA 2025 de San Diego, California"},"content":{"rendered":"<p><em>* La delegaci\u00f3n universitaria logr\u00f3 consolidar v\u00ednculos con socios estrat\u00e9gicos y explorar nuevas oportunidades de colaboraci\u00f3n en \u00e1reas clave como la movilidad estudiantil y docente, la investigaci\u00f3n conjunta, los programas de doble titulaci\u00f3n, las pr\u00e1cticas profesionales y los proyectos multiculturales.<\/em><\/p>\n<p>La Universidad de Colima est\u00e1 participando en la feria internacional NAFSA 2025: <em>Purpose, Place and Partnership<\/em> (Prop\u00f3sito, Lugar y Alianzas), considerada el evento m\u00e1s importante a nivel mundial en el \u00e1mbito de la internacionalizaci\u00f3n de la educaci\u00f3n superior. La conferencia se lleva a cabo del 26 al 31 de mayo en la ciudad de San Diego, California, Estados Unidos, y ha reunido a m\u00e1s de 10 mil profesionales de m\u00e1s de 100 pa\u00edses.<\/p>\n<p>La UdeC form\u00f3 parte del Pabell\u00f3n Mexicano, coordinado por la Asociaci\u00f3n Mexicana para la Educaci\u00f3n Internacional (AMPEI), con el objetivo de promover su oferta acad\u00e9mica, dar visibilidad a sus programas internacionales y reafirmar su compromiso con una educaci\u00f3n de calidad, inclusiva y con enfoque global. Asimismo, junto con otras Instituciones de Educaci\u00f3n Superior (IES) mexicanas presentes en el pabell\u00f3n, busc\u00f3 fortalecer la presencia de M\u00e9xico en la escena internacional.<\/p>\n<p>Durante su participaci\u00f3n, la delegaci\u00f3n de la Universidad de Colima (integrada por Ana Cecilia Garc\u00eda Valencia, directora de la Oficina de Internacionalizaci\u00f3n y Cooperaci\u00f3n Acad\u00e9mica y Zamia Rodr\u00edguez Meneses, colaboradora de esa misma dependencia) sostuvo reuniones con universidades y organismos de Am\u00e9rica, Europa, Asia y Ocean\u00eda.<\/p>\n<p>Estos encuentros permitieron a la UdeC consolidar v\u00ednculos con socios estrat\u00e9gicos y explorar nuevas oportunidades de colaboraci\u00f3n en \u00e1reas clave como la movilidad estudiantil y docente, la investigaci\u00f3n conjunta, los programas de doble titulaci\u00f3n, las pr\u00e1cticas profesionales y los proyectos multiculturales.<\/p>\n<p>Como parte de su agenda de trabajo internacional, la UdeC tambi\u00e9n sostuvo reuniones con representantes de la Organizaci\u00f3n Universitaria Interamericana (OUI), para abordar temas relacionados con la Vicepresidencia que actualmente encabeza el rector Christian Jorge Torres Ortiz Zerme\u00f1o.<\/p>\n<p>Asimismo, se llev\u00f3 a cabo un encuentro con instituciones que integran la University Mobility in Asia and the Pacific (UMAP, Movilidad Universitaria en Asia y el Pac\u00edfico), con el prop\u00f3sito de dar continuidad a los trabajos colaborativos impulsados por el rector de la UdeC en su calidad de presidente de esta asociaci\u00f3n y titular del Secretariado Nacional en M\u00e9xico.<\/p>\n<p>Gracias a su participaci\u00f3n en NAFSA: Asociaci\u00f3n de Educadores Internacionales 2025, la Universidad de Colima logr\u00f3 consolidar alianzas internacionales y generar nuevas iniciativas en beneficio de su comunidad estudiantil y acad\u00e9mica, reafirmando que la internacionalizaci\u00f3n es un eje estrat\u00e9gico en su desarrollo institucional.<\/p>\n","protected":false},"excerpt":{"rendered":"<p>* La delegaci\u00f3n universitaria logr\u00f3 consolidar v\u00ednculos con socios estrat\u00e9gicos y explorar nuevas oportunidades de colaboraci\u00f3n en \u00e1reas clave como la movilidad estudiantil y docente, la investigaci\u00f3n conjunta, los programas de doble titulaci\u00f3n, las pr\u00e1cticas profesionales y los proyectos multiculturales. La Universidad de Colima est\u00e1 participando en la feria internacional NAFSA 2025: Purpose, Place and&#8230;<\/p>\n","protected":false},"author":2,"featured_media":32631,"comment_status":"closed","ping_status":"open","sticky":false,"template":"","format":"standard","meta":{"footnotes":""},"categories":[14],"tags":[29,30,28],"class_list":["post-32630","post","type-post","status-publish","format-standard","has-post-thumbnail","hentry","category-educacion-y-cultura","tag-grid","tag-news","tag-slider"],"_links":{"self":[{"href":"http:\/\/elobservatorio.com.mx\/index.php?rest_route=\/wp\/v2\/posts\/32630"}],"collection":[{"href":"http:\/\/elobservatorio.com.mx\/index.php?rest_route=\/wp\/v2\/posts"}],"about":[{"href":"http:\/\/elobservatorio.com.mx\/index.php?rest_route=\/wp\/v2\/types\/post"}],"author":[{"embeddable":true,"href":"http:\/\/elobservatorio.com.mx\/index.php?rest_route=\/wp\/v2\/users\/2"}],"replies":[{"embeddable":true,"href":"http:\/\/elobservatorio.com.mx\/index.php?rest_route=%2Fwp%2Fv2%2Fcomments&post=32630"}],"version-history":[{"count":1,"href":"http:\/\/elobservatorio.com.mx\/index.php?rest_route=\/wp\/v2\/posts\/32630\/revisions"}],"predecessor-version":[{"id":32632,"href":"http:\/\/elobservatorio.com.mx\/index.php?rest_route=\/wp\/v2\/posts\/32630\/revisions\/32632"}],"wp:featuredmedia":[{"embeddable":true,"href":"http:\/\/elobservatorio.com.mx\/index.php?rest_route=\/wp\/v2\/media\/32631"}],"wp:attachment":[{"href":"http:\/\/elobservatorio.com.mx\/index.php?rest_route=%2Fwp%2Fv2%2Fmedia&parent=32630"}],"wp:term":[{"taxonomy":"category","embeddable":true,"href":"http:\/\/elobservatorio.com.mx\/index.php?rest_route=%2Fwp%2Fv2%2Fcategories&post=32630"},{"taxonomy":"post_tag","embeddable":true,"href":"http:\/\/elobservatorio.com.mx\/index.php?rest_route=%2Fwp%2Fv2%2Ftags&post=32630"}],"curies":[{"name":"wp","href":"https:\/\/api.w.org\/{rel}","templated":true}]}}