{"id":32658,"date":"2025-06-03T12:58:15","date_gmt":"2025-06-03T18:58:15","guid":{"rendered":"http:\/\/elobservatorio.com.mx\/?p=32658"},"modified":"2025-06-03T12:59:12","modified_gmt":"2025-06-03T18:59:12","slug":"piden-a-mas-victimas-de-trata-presentar-denuncias-contra-alex-marin","status":"publish","type":"post","link":"http:\/\/elobservatorio.com.mx\/?p=32658","title":{"rendered":"Piden a m\u00e1s v\u00edctimas de trata presentar denuncias contra Alex Mar\u00edn"},"content":{"rendered":"<p>Alejandro Mar\u00edn, productor de contenido para adultos, fue vinculado a proceso y permanecer\u00e1 en prisi\u00f3n preventiva hasta 2027 o lo que dure el juicio en su contra, tras ser acusado de trata de personas y explotaci\u00f3n sexual de una menor de edad.<\/p>\n<p>Fue detenido el pasado 28 de mayo en Puerto Vallarta por elementos de la Fiscal\u00eda de Jalisco, tras una investigaci\u00f3n que lo se\u00f1ala por presuntamente haber mantenido una relaci\u00f3n con una adolescente de 16 a\u00f1os, a quien habr\u00eda manipulado para sostener relaciones sexuales, grabar contenido expl\u00edcito y comercializarlo en plataformas digitales.<\/p>\n<p>La Vicefiscal\u00eda Especializada en Atenci\u00f3n a Mujeres, Ni\u00f1as, Ni\u00f1os y Adolescentes present\u00f3 pruebas contundentes que permitieron al juez imponer la medida cautelar de prisi\u00f3n preventiva.<\/p>\n<p>El caso ha generado indignaci\u00f3n p\u00fablica y un llamado urgente de organizaciones de derechos humanos para proteger a otras posibles v\u00edctimas. La autoridad tambi\u00e9n exhort\u00f3 a quien tenga informaci\u00f3n relacionada a presentar su denuncia.<\/p>\n","protected":false},"excerpt":{"rendered":"<p>Alejandro Mar\u00edn, productor de contenido para adultos, fue vinculado a proceso y permanecer\u00e1 en prisi\u00f3n preventiva hasta 2027 o lo que dure el juicio en su contra, tras ser acusado de trata de personas y explotaci\u00f3n sexual de una menor de edad. Fue detenido el pasado 28 de mayo en Puerto Vallarta por elementos de&#8230;<\/p>\n","protected":false},"author":2,"featured_media":32659,"comment_status":"closed","ping_status":"open","sticky":false,"template":"","format":"standard","meta":{"footnotes":""},"categories":[15],"tags":[29,30,28],"class_list":["post-32658","post","type-post","status-publish","format-standard","has-post-thumbnail","hentry","category-seguridad-y-justicia","tag-grid","tag-news","tag-slider"],"_links":{"self":[{"href":"http:\/\/elobservatorio.com.mx\/index.php?rest_route=\/wp\/v2\/posts\/32658"}],"collection":[{"href":"http:\/\/elobservatorio.com.mx\/index.php?rest_route=\/wp\/v2\/posts"}],"about":[{"href":"http:\/\/elobservatorio.com.mx\/index.php?rest_route=\/wp\/v2\/types\/post"}],"author":[{"embeddable":true,"href":"http:\/\/elobservatorio.com.mx\/index.php?rest_route=\/wp\/v2\/users\/2"}],"replies":[{"embeddable":true,"href":"http:\/\/elobservatorio.com.mx\/index.php?rest_route=%2Fwp%2Fv2%2Fcomments&post=32658"}],"version-history":[{"count":2,"href":"http:\/\/elobservatorio.com.mx\/index.php?rest_route=\/wp\/v2\/posts\/32658\/revisions"}],"predecessor-version":[{"id":32661,"href":"http:\/\/elobservatorio.com.mx\/index.php?rest_route=\/wp\/v2\/posts\/32658\/revisions\/32661"}],"wp:featuredmedia":[{"embeddable":true,"href":"http:\/\/elobservatorio.com.mx\/index.php?rest_route=\/wp\/v2\/media\/32659"}],"wp:attachment":[{"href":"http:\/\/elobservatorio.com.mx\/index.php?rest_route=%2Fwp%2Fv2%2Fmedia&parent=32658"}],"wp:term":[{"taxonomy":"category","embeddable":true,"href":"http:\/\/elobservatorio.com.mx\/index.php?rest_route=%2Fwp%2Fv2%2Fcategories&post=32658"},{"taxonomy":"post_tag","embeddable":true,"href":"http:\/\/elobservatorio.com.mx\/index.php?rest_route=%2Fwp%2Fv2%2Ftags&post=32658"}],"curies":[{"name":"wp","href":"https:\/\/api.w.org\/{rel}","templated":true}]}}