{"id":32662,"date":"2025-06-03T13:47:23","date_gmt":"2025-06-03T19:47:23","guid":{"rendered":"http:\/\/elobservatorio.com.mx\/?p=32662"},"modified":"2025-06-03T13:51:07","modified_gmt":"2025-06-03T19:51:07","slug":"ni-con-acordeon-del-bienestar-morena-logra-que-lenia-batres-presida-de-la-corte","status":"publish","type":"post","link":"http:\/\/elobservatorio.com.mx\/?p=32662","title":{"rendered":"Ni con \u00abacorde\u00f3n del bienestar\u00bb MORENA logra que Lenia Batres presida la SCJN"},"content":{"rendered":"<p>*La ministra identificada con el partido en el poder, no alcanz\u00f3 la votaci\u00f3n requerida, es Hugo Aguilar Ortiz encabeza la votaci\u00f3n<\/p>\n<p>La presidenta de M\u00e9xico, Claudia Sheimbaum, desde el partido MORENA impuls\u00f3 candidaturas para el poder judicial, entre ellos la Suprema Corte de Justicia de la Naci\u00f3n, sin embargo los resultados no fueron los que espeban, al menos para presidir la Corte.<\/p>\n<p>Para asegurar la presidencia para una aliada de la presidenta, desde MORENA se impuls\u00f3 a Lenia Batres, a quien se le dio todo el apoyo en medios y encuestas pagadas con la intenci\u00f3n de influir en la intenci\u00f3n del voto en la jornada electoral del pasado 1 de junio, adem\u00e1s se elabor\u00f3 y distribuy\u00f3 un acorde\u00f3n del bienestar dos d\u00edas antes de la jornada electoral, pero no fueron los resultados esperados.<\/p>\n<p class=\"sc__font-paragraph\">Seg\u00fan el conteo de votos, con un corte hasta a las 19:10 horas del lunes 2 de junio, el abogado de origen mixteco mantiene una delantera de preferencia para presidir el M\u00e1ximo Tribunal con un total de 4 millones 514 mil 157 votos, en segundo lugar, la ministra en funciones, Lenia Batres Guadarrama, con un total de 4 millones 282 mil 538 votos.<\/p>\n<p><strong>SHEINBAUM HABLA SOBRE EL TEMA<\/strong><\/p>\n<p>Esta ma\u00f1ana mediante la ma\u00f1anera la presidenta de M\u00e9xico habl\u00f3 sobre el tema<\/p>\n<p>Un criterio de g\u00e9nero dar\u00eda chances a Lenia Batres de ganar la presidencia de la Suprema Corte de Justicia de la Naci\u00f3n (SJCN), como explic\u00f3 este martes la presidenta Claudia Sheinbaum, al aclarar que el INE ser\u00e1 quien lo defina.<\/p>\n<p>De momento, los n\u00fameros favorecen a Hugo Aguilar con alrededor de 200 mil votos sobre Batres para presidir de la SCJN. La presidenta celebr\u00f3 este resultado como \u00abun cambio importante\u00bb. Sin embargo, aclar\u00f3 que a\u00fan no est\u00e1 definido el triunfo.<\/p>\n<p>\u00abHoy me estaban comentando, no lo tenia presente, que el INE debe evaluar quien tiene que ser, porque en la Constituci\u00f3n tambi\u00e9n viene una parte de preferencia para las mujeres\u00bb, explic\u00f3 desde su conferencia ma\u00f1anera.<\/p>\n<p>A pesar de ese criterio, la presidenta celebr\u00f3 que haya llegado a la Corte un perfil como el de Aguilar, un abogado obradorista de origen oaxaque\u00f1o. \u00abEso nos da mucho gusto la verdad, no hab\u00eda habido representaci\u00f3n de una persona de pueblos originarios. Me dec\u00eda hoy Jes\u00fas (Ram\u00edrez) que desde Ju\u00e1rez no ten\u00edamos una representaci\u00f3n as\u00ed\u00bb, dijo.<\/p>\n<p>La presidenta sostuvo que este resultado demuestra que \u00absi hay un cambio profundo\u00bb, pues se\u00f1al\u00f3 que, en otro proceso, \u00abcu\u00e1ndo iba a llegar un Hugo a la Corte. Es un abogado muy reconocido, tiene credenciales para ser miembro de la Corte. Entonces qu\u00e9 bueno la verdad\u00bb, dijo.<\/p>\n<div class=\"c-detail-top\">\n<h1 class=\"c-detail__title\"><span style=\"font-size: 16px;\">INE confirma que la presidencia de la SCJN no ser\u00e1 por paridad de g\u00e9nero, ser\u00e1 por mayor\u00eda de votos<\/span><\/h1>\n<\/div>\n<div class=\"c-detail-content\">\n<div class=\"c-detail-content-top\">\n<div class=\"c-detail__summary\">\n<p>La presidenta consejera del Instituto Nacional Electoral,\u00a0<b>Guadalupe Taddei<\/b>, inform\u00f3 este martes sobre los\u00a0<b>resultados de la elecci\u00f3n judicial\u00a0<\/b>para elegir a los ministros de la Suprema Corte de Justicia de la Naci\u00f3n (SCJN). La titular del INE precis\u00f3 que la presidencia del m\u00e1ximo tribunal recaer\u00e1 en la candidatura con la mayor votaci\u00f3n, no por cuota de g\u00e9nero.<\/p>\n<p>Durante conferencia de prensa para presentar los resultados de la jornada electoral, asegur\u00f3 que lo anterior es conforme al Art\u00edculo 94 de la reforma al Poder Judicial aprobada en 2024. De acuerdo con dcha reforma, la Suprema Corte de Justicia de la Naci\u00f3n se compondr\u00e1 de nueve integrantes, cinco mujeres y cuatro hombres<\/p>\n<p>Taddei Zavala inform\u00f3 que al corte de este martes lleva poco m\u00e1s del\u00a0<b>91% de avance de de los c\u00f3mputos\u00a0<\/b>del Proceso Electoral Extraordinario. La consejera presidenta dijo que los votos para seleccionar los ministros de la SCJN, representan 117 millones de votos.<\/p>\n<div class=\"c-detail-content-toolbar\">\n<nav class=\"c-detail__share\">La presidenta consejera del Instituto Nacional Electoral, <b>Guadalupe Taddei<\/b>, inform\u00f3 este martes sobre los\u00a0<b>resultados de la elecci\u00f3n judicial\u00a0<\/b>para elegir a los ministros de la Suprema Corte de Justicia de la Naci\u00f3n (SCJN). La titular del INE precis\u00f3 que la presidencia del m\u00e1ximo tribunal recaer\u00e1 en la candidatura con la mayor votaci\u00f3n, no por cuota de g\u00e9nero.<\/nav>\n<\/div>\n<div class=\"c-detail-content-body\">\n<div class=\"c-detail__body\">\n<p>Durante conferencia de prensa para presentar los resultados de la jornada electoral, asegur\u00f3 que lo anterior es conforme al Art\u00edculo 94 de la reforma al Poder Judicial aprobada en 2024. De acuerdo con dcha reforma, la Suprema Corte de Justicia de la Naci\u00f3n se compondr\u00e1 de nueve integrantes, cinco mujeres y cuatro hombres.<\/p>\n<p>Taddei Zavala inform\u00f3 que al corte de este martes lleva poco m\u00e1s del\u00a0<b>91% de avance de de los c\u00f3mputos\u00a0<\/b>del Proceso Electoral Extraordinario. La consejera presidenta dijo que los votos para seleccionar los ministros de la SCJN, representan 117 millones de votos.<\/p>\n<p class=\"c-detail__cite\"><cite class=\"c-detail__cite__title\">\u201cUna persona no representa un voto sino hasta 39. Si consideramos nuestro porcentaje de participaci\u00f3n, esto representa tan solo para la corte capturar 117 millones de votos, 117 millones de decisiones individuales\u201d, inform\u00f3 Guadalupe Taddei en conferencia de prensa.<\/cite><\/p>\n<div id=\"div-gpt-ad-1722968823067-0\" class=\"c-add c-add_desktop\" data-google-query-id=\"CNSR65OB1o0DFY3z9QIdbykFsw\">\n<div id=\"google_ads_iframe_\/22164649877\/ElEconomista_Desktop_Nota_336x280_1_0__container__\"><b>Los perfiles con m\u00e1s votos hasta el momento son:<\/b><\/div>\n<\/div>\n<div id=\"div-gpt-ad-1722968928713-0\" class=\"c-add c-add_desktop\" data-google-query-id=\"CPDxoa2B1o0DFYP09QIdqVYyvQ\">\n<div id=\"google_ads_iframe_\/22164649877\/ElEconomista_Desktop_Nota_336x280_2_0__container__\"><\/div>\n<\/div>\n<ol>\n<li><b>Hugo Aguilar Ortiz<\/b>\u00a0\u2013 5 millones 295,364 votos<\/li>\n<li><b>Lenia Batres<\/b>\u00a0\u2013 5 millones 30,281 votos<\/li>\n<li><b>Yasm\u00edn Esquivel<\/b>\u00a0\u2013 4 millones 484,299 votos<\/li>\n<li><b>Loretta Ortiz<\/b>\u00a0\u2013 4 millones 291,109 votos c<\/li>\n<li><b>Mar\u00eda Estela R\u00edos Gonz\u00e1lez<\/b>\u00a0\u2013 4 millones 24,328 votos<\/li>\n<li><b>Giovanni Azael Figueroa\u00a0<\/b>\u2013 3 millones 57,012 votos<\/li>\n<li><b>Irving Espinosa<\/b>\u00a0\u2013 2 millones 956,378 votos<\/li>\n<li><b>Ar\u00edstides Guerrero<\/b>\u00a0\u2013 2 millones 935,363 votos<\/li>\n<li><b>Sara Irene Herrer\u00edas Guerra\u00a0<\/b>\u2013 2 millones 713,493 votos<\/li>\n<\/ol>\n<\/div>\n<\/div>\n<\/div>\n<\/div>\n<\/div>\n<h2 class=\"subTitle text-2xl mb-5\"><\/h2>\n<p>&nbsp;<\/p>\n","protected":false},"excerpt":{"rendered":"<p>*La ministra identificada con el partido en el poder, no alcanz\u00f3 la votaci\u00f3n requerida, es Hugo Aguilar Ortiz encabeza la votaci\u00f3n La presidenta de M\u00e9xico, Claudia Sheimbaum, desde el partido MORENA impuls\u00f3 candidaturas para el poder judicial, entre ellos la Suprema Corte de Justicia de la Naci\u00f3n, sin embargo los resultados no fueron los que&#8230;<\/p>\n","protected":false},"author":2,"featured_media":32663,"comment_status":"closed","ping_status":"open","sticky":false,"template":"","format":"standard","meta":{"footnotes":""},"categories":[15],"tags":[29,30,28],"class_list":["post-32662","post","type-post","status-publish","format-standard","has-post-thumbnail","hentry","category-seguridad-y-justicia","tag-grid","tag-news","tag-slider"],"_links":{"self":[{"href":"http:\/\/elobservatorio.com.mx\/index.php?rest_route=\/wp\/v2\/posts\/32662"}],"collection":[{"href":"http:\/\/elobservatorio.com.mx\/index.php?rest_route=\/wp\/v2\/posts"}],"about":[{"href":"http:\/\/elobservatorio.com.mx\/index.php?rest_route=\/wp\/v2\/types\/post"}],"author":[{"embeddable":true,"href":"http:\/\/elobservatorio.com.mx\/index.php?rest_route=\/wp\/v2\/users\/2"}],"replies":[{"embeddable":true,"href":"http:\/\/elobservatorio.com.mx\/index.php?rest_route=%2Fwp%2Fv2%2Fcomments&post=32662"}],"version-history":[{"count":3,"href":"http:\/\/elobservatorio.com.mx\/index.php?rest_route=\/wp\/v2\/posts\/32662\/revisions"}],"predecessor-version":[{"id":32666,"href":"http:\/\/elobservatorio.com.mx\/index.php?rest_route=\/wp\/v2\/posts\/32662\/revisions\/32666"}],"wp:featuredmedia":[{"embeddable":true,"href":"http:\/\/elobservatorio.com.mx\/index.php?rest_route=\/wp\/v2\/media\/32663"}],"wp:attachment":[{"href":"http:\/\/elobservatorio.com.mx\/index.php?rest_route=%2Fwp%2Fv2%2Fmedia&parent=32662"}],"wp:term":[{"taxonomy":"category","embeddable":true,"href":"http:\/\/elobservatorio.com.mx\/index.php?rest_route=%2Fwp%2Fv2%2Fcategories&post=32662"},{"taxonomy":"post_tag","embeddable":true,"href":"http:\/\/elobservatorio.com.mx\/index.php?rest_route=%2Fwp%2Fv2%2Ftags&post=32662"}],"curies":[{"name":"wp","href":"https:\/\/api.w.org\/{rel}","templated":true}]}}