{"id":32671,"date":"2025-06-05T12:08:05","date_gmt":"2025-06-05T18:08:05","guid":{"rendered":"http:\/\/elobservatorio.com.mx\/?p=32671"},"modified":"2025-06-05T12:08:05","modified_gmt":"2025-06-05T18:08:05","slug":"gran-participacion-en-la-celebracion-del-dia-mundial-de-la-bicicleta-en-colima","status":"publish","type":"post","link":"http:\/\/elobservatorio.com.mx\/?p=32671","title":{"rendered":"Gran participaci\u00f3n en la celebraci\u00f3n del D\u00eda Mundial de la Bicicleta en Colima"},"content":{"rendered":"<p><em>*\u201cEn la UdeC el deporte es un elemento esencial para la formaci\u00f3n y bienestar de los universitarios. Desde la FEUC, promovemos el uso de la bicicleta a trav\u00e9s de rodadas nocturnas, generando espacios recreativos y fomentando el deporte\u201d: Carolina Venegas.<\/em><\/p>\n<p>Con la entusiasta participaci\u00f3n de m\u00e1s de 300 personas de todas las edades, la Federaci\u00f3n de Egresados de la Universidad de Colima (FEUC) celebr\u00f3 el D\u00eda Mundial de la Bicicleta con una rodada multitudinaria. La actividad cont\u00f3 con la presencia de una veintena de colectivos ciclistas que se sumaron al llamado para promover el uso de la bicicleta como medio de transporte sustentable.<\/p>\n<p>La presidenta de la FEUC, Carolina Venegas Ochoa, destac\u00f3 la importancia del evento y se\u00f1al\u00f3 que esta iniciativa busca generar conciencia sobre los beneficios ambientales y sociales del ciclismo. \u201cEn la Universidad de Colima, el deporte es un elemento esencial para la formaci\u00f3n y bienestar de los universitarios. Desde la FEUC, promovemos el uso de la bicicleta a trav\u00e9s de rodadas nocturnas quincenales los martes, generando espacios recreativos y fomentando el deporte\u201d, explic\u00f3.<\/p>\n<p>Venegas agradeci\u00f3 el respaldo brindado por los ayuntamientos involucrados, as\u00ed como el apoyo de Tr\u00e1nsito y Vialidad de cada municipio, de la Direcci\u00f3n de Protecci\u00f3n Civil Universitaria y Gesti\u00f3n de Riesgos de la casa de estudios, y la ambulancia de la Universidad de Colima.<\/p>\n<p>La ruta fue dise\u00f1ada por miembros de la FEUC en colaboraci\u00f3n con el colectivo Aztecas Colima. Blanca Plascencia, integrante de este grupo, expres\u00f3 que el ciclismo urbano ha crecido significativamente en la ciudad: \u201cLlevamos 13 a\u00f1os organizando rodadas nocturnas cada jueves, por amor a la bicicleta. Nos da gusto ver que la FEUC se une a este esfuerzo; eso demuestra que el trabajo de tantos a\u00f1os est\u00e1 rindiendo frutos\u201d.<\/p>\n<p>Plascencia a\u00f1adi\u00f3 que cada semana trazan rutas diferentes y que la participaci\u00f3n ciudadana no ha disminuido: \u201cLa gente nos reconoce, se une y pregunta. Por eso no hemos dejado de rodar\u201d.<\/p>\n<p>Tambi\u00e9n invit\u00f3 a la FEUC a mantener viva esta actividad: \u201cSi quien hoy impulsa la rodada ya no puede continuar, que otra persona tome la estafeta. Hay muchas personas que aman la bicicleta y necesitan espacios como \u00e9ste\u201d, concluy\u00f3.<\/p>\n<p>Por su parte, \u00c1lvaro G\u00f3mez Gu\u00edzar, del colectivo Psicobikers -conformado en su mayor\u00eda por egresados de la Facultad de Psicolog\u00eda- celebr\u00f3 la iniciativa como una acci\u00f3n inclusiva: \u201cEste tipo de actividades invitan a m\u00e1s personas a animarse a usar la bicicleta y fomentan el cuidado de la salud f\u00edsica y mental\u201d.<\/p>\n<p>Destac\u00f3 que el ciclismo, adem\u00e1s de ser una actividad recreativa, contribuye directamente al bienestar emocional. \u201cLa FEUC tom\u00f3 una gran decisi\u00f3n y convocar a los colectivos para esta rodada multitudinaria permite llegar a m\u00e1s personas e instituciones\u201d.<\/p>\n<p>Ana Medina, del colectivo Colima Bike, record\u00f3 que hace siete a\u00f1os iniciaron ellos y ellas las rodadas en grupo con colectivos como Pedal\u00e9ale y Rodando Sonrisas, adem\u00e1s de un bicipaseo que organizaba la Universidad de Colima los lunes: \u201cMe da gust\u00f3 que retomen estas acciones. Activar a los egresados, a la comunidad universitaria y a toda la ciudadan\u00eda es un excelente objetivo\u201d.<\/p>\n<p>Adem\u00e1s, Medina hizo un llamado urgente a mejorar la infraestructura vial para ciclistas. \u201cEs necesario repintar las ciclov\u00edas y que los automovilistas y motociclistas entiendan que esos tramos no son para ellos, mucho menos para rebasar. Se necesita m\u00e1s conciencia vial en toda la ciudad y en las comunidades del estado\u201d.<\/p>\n<p>La celebraci\u00f3n del D\u00eda Mundial de la Bicicleta reuni\u00f3 a colectivos de todo el estado: Ayuntamiento de Villa de \u00c1lvarez, Ayuntamiento de Colima, Aztecas Colima, Psicobikers, Acalambrados, Colima Bike, Volc\u00e1n Bike, Jama Racing Team, Osos Bike (Cin Car), Granadillo Bike, Cuauht\u00e9moc Bike, Escuela de Ciclismo UCOL, Paya Bike, Sun Bike, Happy Girls, AGC3, Briagos Bike y FEUC Bike.<\/p>\n<p>&nbsp;<\/p>\n<p>&nbsp;<\/p>\n","protected":false},"excerpt":{"rendered":"<p>*\u201cEn la UdeC el deporte es un elemento esencial para la formaci\u00f3n y bienestar de los universitarios. Desde la FEUC, promovemos el uso de la bicicleta a trav\u00e9s de rodadas nocturnas, generando espacios recreativos y fomentando el deporte\u201d: Carolina Venegas. Con la entusiasta participaci\u00f3n de m\u00e1s de 300 personas de todas las edades, la Federaci\u00f3n&#8230;<\/p>\n","protected":false},"author":2,"featured_media":32672,"comment_status":"closed","ping_status":"open","sticky":false,"template":"","format":"standard","meta":{"footnotes":""},"categories":[14],"tags":[29,30,28],"class_list":["post-32671","post","type-post","status-publish","format-standard","has-post-thumbnail","hentry","category-educacion-y-cultura","tag-grid","tag-news","tag-slider"],"_links":{"self":[{"href":"http:\/\/elobservatorio.com.mx\/index.php?rest_route=\/wp\/v2\/posts\/32671"}],"collection":[{"href":"http:\/\/elobservatorio.com.mx\/index.php?rest_route=\/wp\/v2\/posts"}],"about":[{"href":"http:\/\/elobservatorio.com.mx\/index.php?rest_route=\/wp\/v2\/types\/post"}],"author":[{"embeddable":true,"href":"http:\/\/elobservatorio.com.mx\/index.php?rest_route=\/wp\/v2\/users\/2"}],"replies":[{"embeddable":true,"href":"http:\/\/elobservatorio.com.mx\/index.php?rest_route=%2Fwp%2Fv2%2Fcomments&post=32671"}],"version-history":[{"count":1,"href":"http:\/\/elobservatorio.com.mx\/index.php?rest_route=\/wp\/v2\/posts\/32671\/revisions"}],"predecessor-version":[{"id":32673,"href":"http:\/\/elobservatorio.com.mx\/index.php?rest_route=\/wp\/v2\/posts\/32671\/revisions\/32673"}],"wp:featuredmedia":[{"embeddable":true,"href":"http:\/\/elobservatorio.com.mx\/index.php?rest_route=\/wp\/v2\/media\/32672"}],"wp:attachment":[{"href":"http:\/\/elobservatorio.com.mx\/index.php?rest_route=%2Fwp%2Fv2%2Fmedia&parent=32671"}],"wp:term":[{"taxonomy":"category","embeddable":true,"href":"http:\/\/elobservatorio.com.mx\/index.php?rest_route=%2Fwp%2Fv2%2Fcategories&post=32671"},{"taxonomy":"post_tag","embeddable":true,"href":"http:\/\/elobservatorio.com.mx\/index.php?rest_route=%2Fwp%2Fv2%2Ftags&post=32671"}],"curies":[{"name":"wp","href":"https:\/\/api.w.org\/{rel}","templated":true}]}}