{"id":32688,"date":"2025-06-19T01:09:14","date_gmt":"2025-06-19T07:09:14","guid":{"rendered":"http:\/\/elobservatorio.com.mx\/?p=32688"},"modified":"2025-06-19T01:09:14","modified_gmt":"2025-06-19T07:09:14","slug":"fortaleceran-jornadas-academicas-2025-ensenanza-en-la-udec","status":"publish","type":"post","link":"http:\/\/elobservatorio.com.mx\/?p=32688","title":{"rendered":"Fortalecer\u00e1n Jornadas Acad\u00e9micas 2025 ense\u00f1anza en la UdeC"},"content":{"rendered":"<p><em>*\u201cEs un encuentro de docentes que conviven e intercambian experiencias y se preparan para los nuevos cambios del sistema educativo\u201d: Martha Ch\u00e1vez, directora de Desarrollo del Personal Acad\u00e9mico de la UdeC.<\/em><\/p>\n<p>Del 23 de junio al 4 de julio se realizar\u00e1n las Jornadas Acad\u00e9micas \u201cEnfoques actuales de la educaci\u00f3n superior en M\u00e9xico\u201d, como parte del Programa Institucional de Formaci\u00f3n Docente de la Universidad de Colima (UdeC), inform\u00f3 en entrevista la directora general de Desarrollo del Personal Acad\u00e9mico, Martha Eugenia Ch\u00e1vez Gonz\u00e1lez.<\/p>\n<p>Las Jornadas Acad\u00e9micas son un espacio intersemestral donde el profesorado se capacita y actualiza para desarrollar habilidades y conocimientos, mejorar su desempe\u00f1o y atender las observaciones que les hicieron las y los estudiantes en la evaluaci\u00f3n docente. Al respecto, Ch\u00e1vez Gonz\u00e1lez destac\u00f3 que \u201cestas jornadas promueven una coordinaci\u00f3n interdisciplinaria que articula los esfuerzos de nuestra casa de estudios en favor de una educaci\u00f3n de mayor calidad\u201d.<\/p>\n<p>Adem\u00e1s, continu\u00f3, \u201ces un encuentro de docentes que conviven e intercambian experiencias y se preparan para los nuevos cambios del sistema educativo\u201d.<\/p>\n<p>Ch\u00e1vez inform\u00f3 que en esta edici\u00f3n se ofrecer\u00e1n diez conferencias magistrales a cargo de expertos locales, nacionales e internacionales, as\u00ed como 92 talleres impartidos por facilitadores universitarios. En estas actividades participar\u00e1n profesoras y profesores de tiempo completo, especialistas en sus respectivas \u00e1reas, junto con ponentes invitados de reconocida trayectoria a nivel nacional.<\/p>\n<p>Uno de los tema que se abordar\u00e1n en las jornadas responder\u00e1 a la pregunta: \u00bfqu\u00e9 es el SEAES y por qu\u00e9 debe de interesar a los docentes? Esta conferencia que situar\u00e1 a los y las docentes en las pol\u00edticas de evaluaci\u00f3n de la Secretar\u00eda de Educaci\u00f3n P\u00fablica. Ser\u00e1 impartida por la coordinadora general del SEAES, Mar\u00eda Jos\u00e9 Rhi.<\/p>\n<p>El SEAES es el Sistema de Evaluaci\u00f3n y Acreditaci\u00f3n de la Educaci\u00f3n Superior, creado en M\u00e9xico tras la aprobaci\u00f3n de la Ley General de Educaci\u00f3n Superior en abril de 2021. Su prop\u00f3sito es establecer un marco normativo y operativo que permita evaluar y acreditar de forma continua y sistem\u00e1tica a las instituciones, programas acad\u00e9micos, procesos educativos y de gesti\u00f3n, con base en criterios de excelencia, \u00e9tica, inclusi\u00f3n y pertinencia social<\/p>\n<p>Otras conferencias abordar\u00e1n temas como la interculturalidad en el siglo XXI y el desarrollo sostenible en ciudades inteligentes, con el respaldo de especialistas de la Fundaci\u00f3n Friedrich Naumann. Asimismo, se presentar\u00e1 el programa de gobierno universitario 2025\u20132029 de la Universidad de Colima, el cual busca acercar al profesorado a las nuevas metas impulsadas por el rector Christian Torres Ortiz Zerme\u00f1o, con el prop\u00f3sito de que \u00e9stas se traduzcan en acciones concretas dentro del aula.<\/p>\n<p>Asimismo participar\u00e1n Klaudio Duarte, investigador d la Universidad de Chile, con el tema \u201cDi\u00e1logo intergeneracional\u201d, as\u00ed como la vicepresidenta del Consejo Mexicano de Estudios de Posgrado (COMEPO), quien hablar\u00e1 de los \u201cRetos y oportunidades de la pol\u00edtica cient\u00edfica en M\u00e9xico\u201d, entre otros participantes.<\/p>\n<p>Finalmente, la titular de Desarrollo del Personal Acad\u00e9mico mencion\u00f3 que el 85 por ciento del profesorado de la UdeC se encuentra registrado para participar en este evento acad\u00e9mico. \u201cEsto manifiesta su responsabilidad e inter\u00e9s por mejorar sus competencias did\u00e1cticas, pedag\u00f3gicas, digitales, socioemocionales y de inclusi\u00f3n para contribuir a la excelencia educativa\u201d, dijo para finalizar.<\/p>\n<p>&nbsp;<\/p>\n<p>&nbsp;<\/p>\n","protected":false},"excerpt":{"rendered":"<p>*\u201cEs un encuentro de docentes que conviven e intercambian experiencias y se preparan para los nuevos cambios del sistema educativo\u201d: Martha Ch\u00e1vez, directora de Desarrollo del Personal Acad\u00e9mico de la UdeC. Del 23 de junio al 4 de julio se realizar\u00e1n las Jornadas Acad\u00e9micas \u201cEnfoques actuales de la educaci\u00f3n superior en M\u00e9xico\u201d, como parte del&#8230;<\/p>\n","protected":false},"author":2,"featured_media":32689,"comment_status":"closed","ping_status":"open","sticky":false,"template":"","format":"standard","meta":{"footnotes":""},"categories":[14],"tags":[29,30,28],"class_list":["post-32688","post","type-post","status-publish","format-standard","has-post-thumbnail","hentry","category-educacion-y-cultura","tag-grid","tag-news","tag-slider"],"_links":{"self":[{"href":"http:\/\/elobservatorio.com.mx\/index.php?rest_route=\/wp\/v2\/posts\/32688"}],"collection":[{"href":"http:\/\/elobservatorio.com.mx\/index.php?rest_route=\/wp\/v2\/posts"}],"about":[{"href":"http:\/\/elobservatorio.com.mx\/index.php?rest_route=\/wp\/v2\/types\/post"}],"author":[{"embeddable":true,"href":"http:\/\/elobservatorio.com.mx\/index.php?rest_route=\/wp\/v2\/users\/2"}],"replies":[{"embeddable":true,"href":"http:\/\/elobservatorio.com.mx\/index.php?rest_route=%2Fwp%2Fv2%2Fcomments&post=32688"}],"version-history":[{"count":1,"href":"http:\/\/elobservatorio.com.mx\/index.php?rest_route=\/wp\/v2\/posts\/32688\/revisions"}],"predecessor-version":[{"id":32690,"href":"http:\/\/elobservatorio.com.mx\/index.php?rest_route=\/wp\/v2\/posts\/32688\/revisions\/32690"}],"wp:featuredmedia":[{"embeddable":true,"href":"http:\/\/elobservatorio.com.mx\/index.php?rest_route=\/wp\/v2\/media\/32689"}],"wp:attachment":[{"href":"http:\/\/elobservatorio.com.mx\/index.php?rest_route=%2Fwp%2Fv2%2Fmedia&parent=32688"}],"wp:term":[{"taxonomy":"category","embeddable":true,"href":"http:\/\/elobservatorio.com.mx\/index.php?rest_route=%2Fwp%2Fv2%2Fcategories&post=32688"},{"taxonomy":"post_tag","embeddable":true,"href":"http:\/\/elobservatorio.com.mx\/index.php?rest_route=%2Fwp%2Fv2%2Ftags&post=32688"}],"curies":[{"name":"wp","href":"https:\/\/api.w.org\/{rel}","templated":true}]}}