{"id":32691,"date":"2025-06-21T11:10:20","date_gmt":"2025-06-21T17:10:20","guid":{"rendered":"https:\/\/elobservatorio.com.mx\/?p=32691"},"modified":"2025-06-22T11:11:43","modified_gmt":"2025-06-22T17:11:43","slug":"paracaidas-loromania-2025","status":"publish","type":"post","link":"http:\/\/elobservatorio.com.mx\/?p=32691","title":{"rendered":"Paraca\u00eddas. Loroman\u00eda 2025"},"content":{"rendered":"<div data-olk-copy-source=\"MessageBody\">Pese a la violencia que nos asola como nunca antes, todav\u00eda tenemos oasis en nuestra entidad y debemos disfrutarlos. Hoy les hablar\u00e9 de uno en especial ofrecido por la Universidad de Colima, a trav\u00e9s de su Voluntariado, encabezado por Blanca Liliana D\u00edaz V\u00e1zquez.\u00a0 Se trata del programa \u201cLoroman\u00eda: una aventura de verano\u201d, que ya goza de una larga tradici\u00f3n y que para esta edici\u00f3n se llevar\u00e1 a cabo del 29 de julio al 8 de agosto, para ni\u00f1os y ni\u00f1as de entre 5 a 13 a\u00f1os. Loroman\u00eda ofrece actividades deportivas, recreativas, art\u00edsticas y culturales, que tiene como fin fortalecer las virtudes f\u00edsicas y cognitivas de los m\u00e1s peque\u00f1os, todas ellas brindadas en espacios altamente seguros que contar\u00e1n con la participaci\u00f3n activa de la misma Brigada de Protecci\u00f3n Civil Universitaria, ofreci\u00e9ndose adem\u00e1s programas personalizados y monitores especializados para ni\u00f1os con discapacidad, lo que me parece que abona m\u00e1s a la avanzada de nuestra m\u00e1xima casa de estudios por los espacios inclusivos. El objetivo es, pues, \u00a0que ni\u00f1os y ni\u00f1as aprendan divirti\u00e9ndose y creen lazos de amistad, de respeto y de empat\u00eda con otros miembros de su comunidad, para con ello contribuir a su paz y concordia. De igual modo, sin dejar de lado su vocaci\u00f3n social, Loroman\u00eda integrar\u00e1 a cien ni\u00f1os de la colonia Mirador de la Cumbre, donde, desde hace ya muchos a\u00f1os, colabora en el Centro de Desarrollo Comunitario (Cedeco). La activa presidenta del Voluntariado, D\u00edaz V\u00e1zquez, enfatiz\u00f3 que \u201cLoroman\u00eda promete ser, una vez m\u00e1s, una experiencia inolvidable que combina diversi\u00f3n, aprendizaje y convivencia en un entorno seguro y estimulante\u201d. El costo de inscripci\u00f3n es de 1,300 para hijos de universitarios y de 1,450 para el p\u00fablico en general, y se puede realizar o bien en la p\u00e1gina web del Voluntariado o acudiendo a sus oficinas. Para aquellos interesados, no dejen de realizar su inscripci\u00f3n lo antes posible porque el cupo es limitado.<\/div>\n<div><\/div>\n<p>&#8212;<\/p>\n<div dir=\"ltr\" data-smartmail=\"gmail_signature\">\n<div dir=\"ltr\">Rogelio Guedea<\/p>\n<div><a title=\"mailto:rguedea@ucol.mx\" href=\"mailto:rguedea@ucol.mx\">rguedea@ucol.mx<\/a><\/p>\n<div><a title=\"mailto:rguedea1974@gmail.com\" href=\"mailto:rguedea1974@gmail.com\">rguedea1974@gmail.com<\/a><\/p>\n<div>website:\u00a0<a title=\"http:\/\/www.rogelioguedea.com\" href=\"http:\/\/www.rogelioguedea.com\/\" target=\"_blank\" rel=\"noopener noreferrer\" data-auth=\"NotApplicable\">www.rogelioguedea.com<\/a><\/div>\n<div>twitter: @rogelioguedea<\/div>\n<\/div>\n<\/div>\n<\/div>\n<\/div>\n","protected":false},"excerpt":{"rendered":"<p>Pese a la violencia que nos asola como nunca antes, todav\u00eda tenemos oasis en nuestra entidad y debemos disfrutarlos. Hoy les hablar\u00e9 de uno en especial ofrecido por la Universidad de Colima, a trav\u00e9s de su Voluntariado, encabezado por Blanca Liliana D\u00edaz V\u00e1zquez.\u00a0 Se trata del programa \u201cLoroman\u00eda: una aventura de verano\u201d, que ya goza&#8230;<\/p>\n","protected":false},"author":6,"featured_media":25398,"comment_status":"closed","ping_status":"open","sticky":false,"template":"","format":"standard","meta":{"footnotes":""},"categories":[11],"tags":[29,30,28],"class_list":["post-32691","post","type-post","status-publish","format-standard","has-post-thumbnail","hentry","category-opinion","tag-grid","tag-news","tag-slider"],"_links":{"self":[{"href":"http:\/\/elobservatorio.com.mx\/index.php?rest_route=\/wp\/v2\/posts\/32691"}],"collection":[{"href":"http:\/\/elobservatorio.com.mx\/index.php?rest_route=\/wp\/v2\/posts"}],"about":[{"href":"http:\/\/elobservatorio.com.mx\/index.php?rest_route=\/wp\/v2\/types\/post"}],"author":[{"embeddable":true,"href":"http:\/\/elobservatorio.com.mx\/index.php?rest_route=\/wp\/v2\/users\/6"}],"replies":[{"embeddable":true,"href":"http:\/\/elobservatorio.com.mx\/index.php?rest_route=%2Fwp%2Fv2%2Fcomments&post=32691"}],"version-history":[{"count":1,"href":"http:\/\/elobservatorio.com.mx\/index.php?rest_route=\/wp\/v2\/posts\/32691\/revisions"}],"predecessor-version":[{"id":32692,"href":"http:\/\/elobservatorio.com.mx\/index.php?rest_route=\/wp\/v2\/posts\/32691\/revisions\/32692"}],"wp:featuredmedia":[{"embeddable":true,"href":"http:\/\/elobservatorio.com.mx\/index.php?rest_route=\/wp\/v2\/media\/25398"}],"wp:attachment":[{"href":"http:\/\/elobservatorio.com.mx\/index.php?rest_route=%2Fwp%2Fv2%2Fmedia&parent=32691"}],"wp:term":[{"taxonomy":"category","embeddable":true,"href":"http:\/\/elobservatorio.com.mx\/index.php?rest_route=%2Fwp%2Fv2%2Fcategories&post=32691"},{"taxonomy":"post_tag","embeddable":true,"href":"http:\/\/elobservatorio.com.mx\/index.php?rest_route=%2Fwp%2Fv2%2Ftags&post=32691"}],"curies":[{"name":"wp","href":"https:\/\/api.w.org\/{rel}","templated":true}]}}