{"id":32696,"date":"2025-06-20T11:14:30","date_gmt":"2025-06-20T17:14:30","guid":{"rendered":"https:\/\/elobservatorio.com.mx\/?p=32696"},"modified":"2025-06-22T11:17:10","modified_gmt":"2025-06-22T17:17:10","slug":"udec-sede-del-xvi-coloquio-internacional-de-genero-y-cultura-de-paz-de-la-anuies","status":"publish","type":"post","link":"http:\/\/elobservatorio.com.mx\/?p=32696","title":{"rendered":"UdeC, sede del XVI Coloquio Internacional de  G\u00e9nero y Cultura de Paz de la ANUIES"},"content":{"rendered":"<p><em><strong>*\u201cEn la regi\u00f3n Centro Occidente nos distinguimos por ser un espacio de participaci\u00f3n muy activo, que fortalece el abordaje de los problemas comunes para la mejora de nuestras instituciones\u201d. Christian Torres Ortiz, rector.<\/strong><\/em><\/p>\n<p>Este jueves iniciaron las actividades del XVI Coloquio Internacional G\u00e9nero y Cultura de Paz: Coordenadas para la Transformaci\u00f3n Social, en el que habr\u00e1 talleres, una conferencia plenaria, y se presentar\u00e1n 66 trabajos distribuidos en cuatro mesas de trabajo, por parte de expertas y expertos de las universidades Aut\u00f3noma de Aguascalientes, de Guanajuato, la Tecnol\u00f3gica de Jalisco, la Michoacana de San Nicol\u00e1s de Hidalgo, la Aut\u00f3noma de Nayarit, el Instituto Tecnol\u00f3gico de Morelia y la Universidad de Colima.<\/p>\n<p>Las actividades, que continuar\u00e1n este viernes 20 de junio, son organizadas por la Red de G\u00e9nero, Inclusi\u00f3n y Equidad Social de la Regi\u00f3n Centro-Occidente de la ANUIES, tienen como sede la Facultad de Ciencias Pol\u00edticas y Sociales de la UdeC.<\/p>\n<p>El coloquio busca ser un espacio de reflexi\u00f3n, cr\u00edtica y di\u00e1logo interdisciplinario, as\u00ed como generar el intercambio de experiencias que promuevan la construcci\u00f3n de una cultura de paz con perspectiva de g\u00e9nero.<\/p>\n<p>Al inaugurar el evento, Christian Jorge Torres Ortiz Zerme\u00f1o, rector de la Universidad de Colima, asegur\u00f3 que la colaboraci\u00f3n entre las Instituciones de Educaci\u00f3n Superior (IES) \u201ces fundamental para avanzar en acciones de educaci\u00f3n para la paz, sobre todo en la articulaci\u00f3n de la academia con las instancias gubernamentales y la sociedad, para repensar y renovar nuestras estructuras sociales desde una perspectiva de inclusi\u00f3n centrada en los derechos humanos\u201d.<\/p>\n<p>Record\u00f3 que en la Universidad de Colima la perspectiva de g\u00e9nero fue incorporada como un eje trasversal hace 5 a\u00f1os y, recientemente, se integr\u00f3 la cultura de paz como un eje de igual importancia dentro del programa de gobierno universitario. Adem\u00e1s, resalt\u00f3 el trabajo en equipo al interior de la instituci\u00f3n y la coordinaci\u00f3n de esfuerzos con diferentes sectores, \u201cmotivo por el cual celebramos la organizaci\u00f3n de este Coloquio, que afianzar\u00e1 las redes de colaboraci\u00f3n interinstitucionales y nutrir\u00e1 las pol\u00edticas universitarias orientadas al logro de la igualdad sustantiva y los entornos de paz\u201d.<\/p>\n<p>Para concluir su intervenci\u00f3n, Torres Ortiz Zerme\u00f1o coment\u00f3 que \u201cen la regi\u00f3n Centro Occidente nos distinguimos por ser un espacio de participaci\u00f3n muy activo, que fortalece el abordaje de los problemas comunes para la mejora de nuestras instituciones. En ese sentido, ofrecemos la total disposici\u00f3n para atender las tareas pendientes y sumarnos a las propuestas que favorezcan el bienestar de las comunidades universitarias que representamos y promuevan la transici\u00f3n a sociedades m\u00e1s arm\u00f3nicas y equitativas\u201d.<\/p>\n<p>La ma\u00f1ana del jueves se hab\u00edan inscrito 220 personas, quienes participar\u00e1n en una de las cuatro mesas de trabajo, en la conferencia inaugural y la presentaci\u00f3n del libro: \u201cMujeres en tiempos de cambio: Brechas y desigualdades en el M\u00e9xico del siglo XXI\u201d.<\/p>\n<p>Norma Liliana Galv\u00e1n Meza, rectora de la Universidad Aut\u00f3noma de Nayarit (UAN) y presidenta del Consejo Regional Centro Occidente de la ANUIES, celebr\u00f3 que el Coloquio se est\u00e9 realizando en la Universidad de Colima, \u201cuna instituci\u00f3n que ha aportado tanto a toda la regi\u00f3n y al pa\u00eds. Son un referente nacional e internacional y una instituci\u00f3n con la cual siempre hemos tenido esta sinergia para continuar colaborando juntas nuestras instituciones y, por supuesto, tambi\u00e9n con todas las instituciones de la red\u201d.<\/p>\n<p>Asegur\u00f3 que, \u201ccomo instituciones educativas, tenemos un compromiso constante con la promoci\u00f3n de la igualdad y la perspectiva de g\u00e9nero. A trav\u00e9s del trabajo colaborativo e interinstitucional, buscamos incidir en todos los \u00e1mbitos de nuestras universidades para que este camino hacia la equidad sea cada vez m\u00e1s accesible\u201d.<\/p>\n<p>Finalmente, Norma Liliana se dijo convencida de que \u201cmediante espacios como este Coloquio, seguiremos fortaleciendo nuestras acciones en beneficio de nuestras comunidades acad\u00e9micas\u201d.<\/p>\n<p>Por su parte, Mayra Gonz\u00e1lez Flores, directora del Centro Universitario para la Igualdad y los Estudios de G\u00e9nero (CUpIEG) de la Universidad de Colima, dijo que \u201ces en estos espacios donde se gestan las alianzas, por lo que es fundamental que desde las IES renovemos y adaptemos nuestros marcos interpretativos, ya que los desaf\u00edos actuales requieren enfoques interseccionales, sensibilidad social y voluntad colectiva. Por esta raz\u00f3n, las redes acad\u00e9micas como las que hoy nos re\u00fanen resultan imprescindibles para articular conocimientos, experiencias y propuestas que impulsan la transformaci\u00f3n social\u201d.<\/p>\n<p>Este coloquio -afirm\u00f3- \u201ces una muestra de ese compromiso y nos motiva a continuar fortaleciendo nuestras acciones conjuntas, con la certeza de que el cambio social se construye en colectivo. Deseo que este espacio sea propicio para la reflexi\u00f3n, el intercambio de saberes y la construcci\u00f3n de rutas comunes, y que el di\u00e1logo que aqu\u00ed se genere nos impulse a seguir transformando nuestras instituciones y sociedades en favor de la igualdad y la paz\u201d.<\/p>\n<p>El Coloquio re\u00fane diversas voces acad\u00e9micas e institucionales para reflexionar sobre c\u00f3mo construir una cultura de paz con perspectiva de g\u00e9nero, centrando la atenci\u00f3n en el papel de la docencia, la investigaci\u00f3n y la pr\u00e1ctica institucional.<\/p>\n<p>En la Mesa 1, se aborda c\u00f3mo la ense\u00f1anza puede convertirse en un espacio clave para la paz, destacando experiencias pedag\u00f3gicas desde la educaci\u00f3n b\u00e1sica hasta el nivel superior. Se presentan propuestas que van desde la implementaci\u00f3n de perspectiva de g\u00e9nero en el deporte hasta estrategias para la erradicaci\u00f3n de violencias en el aula, y se analizan casos espec\u00edficos sobre educaci\u00f3n biling\u00fce, ciudadan\u00eda, y pr\u00e1cticas de facilitaci\u00f3n grupal.<\/p>\n<p>En la Mesa 2, titulada Senderos feministas, se exploran caminos para consolidar una cultura de respeto, equidad e inclusi\u00f3n, a partir de experiencias como el duelo infantil, la salud laboral trans, el embarazo adolescente y la violencia estructural. Se discuten tambi\u00e9n iniciativas culturales, redes de apoyo, y el papel de las mujeres en el arte, la arquitectura y la vida universitaria, con un enfoque en las resistencias feministas y los v\u00ednculos entre espacio, g\u00e9nero y poder. Esta mesa enfatiza la importancia de visibilizar experiencias femeninas diversas y construir redes desde la universidad.<\/p>\n<p>Las mesas 3 y 4 abordan los desaf\u00edos institucionales en la lucha contra las violencias de g\u00e9nero en el \u00e1mbito universitario y sobre el derecho al cuidado como eje de paz. En la primera, se presentan diagn\u00f3sticos, propuestas tecnol\u00f3gicas y herramientas de prevenci\u00f3n frente a nuevas formas de violencia, as\u00ed como el papel de las instituciones en la creaci\u00f3n de espacios seguros.<\/p>\n<p>En la cuarta mesa se discute el cuidado como un derecho \u00e9tico, pol\u00edtico y estructural, abordando temas como la maternidad digital, el dise\u00f1o urbano para la paz, los cuidados en mujeres mayores y el acompa\u00f1amiento psicol\u00f3gico a v\u00edctimas de violencia. Estas discusiones plantean una agenda pendiente para reconocer el cuidado como pilar esencial de una sociedad m\u00e1s equitativa y pac\u00edfica.<\/p>\n<p>Tambi\u00e9n estuvieron en el pres\u00eddium: Joel Nino, secretario general; Susana Preciado, coordinadora general de Docencia. X\u00f3chitl Trujillo, coordinadora general de Investigaci\u00f3n; Guillermina Ch\u00e1vez, directora general de Bienestar Integral.<\/p>\n","protected":false},"excerpt":{"rendered":"<p>*\u201cEn la regi\u00f3n Centro Occidente nos distinguimos por ser un espacio de participaci\u00f3n muy activo, que fortalece el abordaje de los problemas comunes para la mejora de nuestras instituciones\u201d. Christian Torres Ortiz, rector. Este jueves iniciaron las actividades del XVI Coloquio Internacional G\u00e9nero y Cultura de Paz: Coordenadas para la Transformaci\u00f3n Social, en el que&#8230;<\/p>\n","protected":false},"author":6,"featured_media":32697,"comment_status":"closed","ping_status":"open","sticky":false,"template":"","format":"standard","meta":{"footnotes":""},"categories":[14],"tags":[29,30,28],"class_list":["post-32696","post","type-post","status-publish","format-standard","has-post-thumbnail","hentry","category-educacion-y-cultura","tag-grid","tag-news","tag-slider"],"_links":{"self":[{"href":"http:\/\/elobservatorio.com.mx\/index.php?rest_route=\/wp\/v2\/posts\/32696"}],"collection":[{"href":"http:\/\/elobservatorio.com.mx\/index.php?rest_route=\/wp\/v2\/posts"}],"about":[{"href":"http:\/\/elobservatorio.com.mx\/index.php?rest_route=\/wp\/v2\/types\/post"}],"author":[{"embeddable":true,"href":"http:\/\/elobservatorio.com.mx\/index.php?rest_route=\/wp\/v2\/users\/6"}],"replies":[{"embeddable":true,"href":"http:\/\/elobservatorio.com.mx\/index.php?rest_route=%2Fwp%2Fv2%2Fcomments&post=32696"}],"version-history":[{"count":1,"href":"http:\/\/elobservatorio.com.mx\/index.php?rest_route=\/wp\/v2\/posts\/32696\/revisions"}],"predecessor-version":[{"id":32698,"href":"http:\/\/elobservatorio.com.mx\/index.php?rest_route=\/wp\/v2\/posts\/32696\/revisions\/32698"}],"wp:featuredmedia":[{"embeddable":true,"href":"http:\/\/elobservatorio.com.mx\/index.php?rest_route=\/wp\/v2\/media\/32697"}],"wp:attachment":[{"href":"http:\/\/elobservatorio.com.mx\/index.php?rest_route=%2Fwp%2Fv2%2Fmedia&parent=32696"}],"wp:term":[{"taxonomy":"category","embeddable":true,"href":"http:\/\/elobservatorio.com.mx\/index.php?rest_route=%2Fwp%2Fv2%2Fcategories&post=32696"},{"taxonomy":"post_tag","embeddable":true,"href":"http:\/\/elobservatorio.com.mx\/index.php?rest_route=%2Fwp%2Fv2%2Ftags&post=32696"}],"curies":[{"name":"wp","href":"https:\/\/api.w.org\/{rel}","templated":true}]}}