{"id":32699,"date":"2025-06-20T11:17:46","date_gmt":"2025-06-20T17:17:46","guid":{"rendered":"https:\/\/elobservatorio.com.mx\/?p=32699"},"modified":"2025-06-22T11:20:10","modified_gmt":"2025-06-22T17:20:10","slug":"conoceran-docentes-por-horas-buenas-practicas-de-la-unam-y-el-ipn","status":"publish","type":"post","link":"http:\/\/elobservatorio.com.mx\/?p=32699","title":{"rendered":"Conocer\u00e1n docentes por horas buenas  pr\u00e1cticas de la UNAM y el IPN"},"content":{"rendered":"<p><em><strong>*Viajar\u00e1n una semana a la Ciudad de M\u00e9xico como parte de la \u201cConvocatoria horizontes educativos\u201d.<\/strong><\/em><\/p>\n<p>El rector de la Universidad de Colima, Christian Torres Ortiz Zerme\u00f1o, entreg\u00f3 este jueves constancias a 14 docentes de nivel medio superior y superior que obtuvieron un lugar en la \u201cConvocatoria horizontes educativos: Aprendizaje en movimiento 2025\u201d. Los docentes ganadores viajar\u00e1n durante una semana a la Ciudad de M\u00e9xico, para recibir capacitaci\u00f3n en temas de educaci\u00f3n y ciencia de expertos de la UNAM y del Instituto Polit\u00e9cnico Nacional.<\/p>\n<p>En el evento, realizado en la sala de juntas del edificio de Rector\u00eda, Torres Ortiz habl\u00f3 de la importancia que tienen los profesores por horas en ambos niveles educativos y de la necesidad de darles oportunidades que hasta hoy estaban enfocadas en los docentes de tiempo completo. \u201cCon esto dejamos claro que todas y todos forman parte del proyecto educativo de la UdeC\u201d, coment\u00f3.<\/p>\n<p>\u201cNo tengo duda de que har\u00e1n un extraordinario papel, aprender\u00e1n y valorar\u00e1n lo que hoy en d\u00eda tienen en nuestra instituci\u00f3n. A partir de este momento, ustedes se convierten en embajadores de su Universidad. Los felicito y me da gusto que sean el primer grupo. Quiero pedirles que cuando saquemos la siguiente convocatoria, platiquen con otros compa\u00f1eros, los convenzan y entusiasmen de lo que significa esta experiencia acad\u00e9mica y tambi\u00e9n de vida\u201d. Agreg\u00f3 que la idea de este proyecto es que dure muchos a\u00f1os y se pueda realizar dos veces al a\u00f1o.<\/p>\n<p>El objetivo de este viaje acad\u00e9mico, coment\u00f3 Susana Aurelia Preciado Jim\u00e9nez, coordinadora general de Docencia, \u201ces enriquecer el proceso de ense\u00f1anza pedag\u00f3gica del profesorado a trav\u00e9s de experiencias presenciales y t\u00e9cnicas que fortalezcan el enfoque pr\u00e1ctico y contextualizado de conocimientos; este programa ha sido dise\u00f1ado para propiciar un aprendizaje significativo que complemente esta labor clave en asignaturas como qu\u00edmica, f\u00edsica, matem\u00e1ticas y ciencias\u201d.<\/p>\n<p>\u201cEsperamos que este viaje sea fuente de inspiraci\u00f3n y que a su regreso compartan con toda nuestra comunidad los aprendizajes y experiencias actuales. Sabemos de su compromiso por el aprendizaje, por eso valoramos profundamente su disposici\u00f3n para involucrarse en estas propuestas innovadoras y transformadoras, pero sobre todo por darse la oportunidad de seguir creciendo y demostrar un compromiso para la instituci\u00f3n\u201d, dijo para terminar Susana Aurelia.<\/p>\n<p>Por su parte el secretario general del SUTUC, Luis Enrique Zamorano, agradeci\u00f3 al rector y a las dependencias involucradas en esta convocatoria, por ofrecer esta oportunidad a profesores por horas, \u201cquienes son una parte muy importante en el \u00e1rea acad\u00e9mica de nuestra instituci\u00f3n, pero pocas veces tienen una oportunidad como la que van a vivir ahora\u201d, coment\u00f3.<\/p>\n<p>Adem\u00e1s, pidi\u00f3 a los y las docentes aprovechar esta experiencia pionera a nivel nacional, hablando de instituciones p\u00fablicas. \u201cLes pido su m\u00e1xima dedicaci\u00f3n, empe\u00f1o y atenci\u00f3n para que pongan en alto el nombre de nuestra Universidad donde estar\u00e1n, porque con esto abrir\u00e1n la puerta para m\u00e1s compa\u00f1eras y compa\u00f1eros profesores\u201d, dijo.<\/p>\n<p>Mariela Barajas, profesora del Bachillerato 20, en nombre de los docentes agradeci\u00f3 a la Rector\u00eda, a las dependencias involucradas y el SUTUC por el apoyo financiero y de gesti\u00f3n que han hecho por el profesorado por horas. \u201cEs un mensaje claro: todos y todas formamos parte activa y valiosa de este proyecto educativo universitario\u201d, enfatiz\u00f3.<\/p>\n<p>El programa Horizontes Educativos, continu\u00f3, \u201crepresenta una oportunidad de crecimiento; este modelo de capacitaci\u00f3n centrado en la planeaci\u00f3n y ejecuci\u00f3n de encuentros acad\u00e9micos vivenciales al estilo de pasant\u00edas, promete abrir nuevos caminos de reflexi\u00f3n, aprendizaje e innovaci\u00f3n en nuestra pr\u00e1ctica docente. Este programa nos acercar\u00e1 a enfoques interdisciplinarios que enriquecer\u00e1n nuestra forma de ense\u00f1ar, fomentando la integraci\u00f3n de saberes de distintas \u00e1reas, tal como lo demanda la complejidad del mundo actual\u201d.<\/p>\n<p>\u201cNos preparamos para vivir esta experiencia con apertura, disposici\u00f3n al aprendizaje y convicci\u00f3n de que lo aprendido ser\u00e1 compartido, replicado y puesto al servicio de nuestra comunidad. Gracias por confiar en nosotros y por hacer de la formaci\u00f3n docente un eje estrat\u00e9gico del presente y del futuro de nuestra Universidad\u201d, concluy\u00f3.<\/p>\n<p>Ana Cecilia Garc\u00eda Valencia, directora general de la Oficina de Internacionalizaci\u00f3n y Cooperaci\u00f3n Acad\u00e9mica, coment\u00f3 en entrevista que dicha estancia consiste en el acercamiento de las y los profesores de la UdeC con sus pares en Instituciones de Educaci\u00f3n Superior como la UNAM y el Instituto Polit\u00e9cnico Nacional (IPN), para conocer de innovaci\u00f3n educativa y buenas pr\u00e1cticas.<\/p>\n<p>Detall\u00f3 que los docentes partir\u00e1n de Colima el pr\u00f3ximo lunes 23 y el martes estar\u00e1n en la UNAM. \u201cSe dividir\u00e1n en dos grupos, los docentes de media superior visitar\u00e1n un CCH (Colegio de Ciencias y Humanidades), que es uno de los dos subsistemas de bachillerato que tiene la UNAM, mientras que los docentes de Educaci\u00f3n Superior visitar\u00e1n la Facultad de Ciencias\u201d, detall\u00f3. Esta actividad se realizar\u00e1 de nueve de la ma\u00f1ana a cinco de la tarde, al finalizar tendr\u00e1n una actividad cultural dentro de la UNAM, en Ciudad Universitaria.<\/p>\n<p>Al siguiente d\u00eda visitar\u00e1n el IPN, donde tendr\u00e1n una actividad de diez de la ma\u00f1ana a ocho de la noche, incluyendo una actividad cultural. Para el jueves realizar\u00e1n actividades culturales en el Centro Hist\u00f3rico y en algunos de los museos m\u00e1s importantes, y el viernes regresar\u00e1n a Colima.<\/p>\n","protected":false},"excerpt":{"rendered":"<p>*Viajar\u00e1n una semana a la Ciudad de M\u00e9xico como parte de la \u201cConvocatoria horizontes educativos\u201d. El rector de la Universidad de Colima, Christian Torres Ortiz Zerme\u00f1o, entreg\u00f3 este jueves constancias a 14 docentes de nivel medio superior y superior que obtuvieron un lugar en la \u201cConvocatoria horizontes educativos: Aprendizaje en movimiento 2025\u201d. Los docentes ganadores&#8230;<\/p>\n","protected":false},"author":6,"featured_media":32700,"comment_status":"closed","ping_status":"open","sticky":false,"template":"","format":"standard","meta":{"footnotes":""},"categories":[14],"tags":[29,30,28],"class_list":["post-32699","post","type-post","status-publish","format-standard","has-post-thumbnail","hentry","category-educacion-y-cultura","tag-grid","tag-news","tag-slider"],"_links":{"self":[{"href":"http:\/\/elobservatorio.com.mx\/index.php?rest_route=\/wp\/v2\/posts\/32699"}],"collection":[{"href":"http:\/\/elobservatorio.com.mx\/index.php?rest_route=\/wp\/v2\/posts"}],"about":[{"href":"http:\/\/elobservatorio.com.mx\/index.php?rest_route=\/wp\/v2\/types\/post"}],"author":[{"embeddable":true,"href":"http:\/\/elobservatorio.com.mx\/index.php?rest_route=\/wp\/v2\/users\/6"}],"replies":[{"embeddable":true,"href":"http:\/\/elobservatorio.com.mx\/index.php?rest_route=%2Fwp%2Fv2%2Fcomments&post=32699"}],"version-history":[{"count":1,"href":"http:\/\/elobservatorio.com.mx\/index.php?rest_route=\/wp\/v2\/posts\/32699\/revisions"}],"predecessor-version":[{"id":32701,"href":"http:\/\/elobservatorio.com.mx\/index.php?rest_route=\/wp\/v2\/posts\/32699\/revisions\/32701"}],"wp:featuredmedia":[{"embeddable":true,"href":"http:\/\/elobservatorio.com.mx\/index.php?rest_route=\/wp\/v2\/media\/32700"}],"wp:attachment":[{"href":"http:\/\/elobservatorio.com.mx\/index.php?rest_route=%2Fwp%2Fv2%2Fmedia&parent=32699"}],"wp:term":[{"taxonomy":"category","embeddable":true,"href":"http:\/\/elobservatorio.com.mx\/index.php?rest_route=%2Fwp%2Fv2%2Fcategories&post=32699"},{"taxonomy":"post_tag","embeddable":true,"href":"http:\/\/elobservatorio.com.mx\/index.php?rest_route=%2Fwp%2Fv2%2Ftags&post=32699"}],"curies":[{"name":"wp","href":"https:\/\/api.w.org\/{rel}","templated":true}]}}