{"id":32705,"date":"2025-06-24T12:02:14","date_gmt":"2025-06-24T18:02:14","guid":{"rendered":"http:\/\/elobservatorio.com.mx\/?p=32705"},"modified":"2025-06-24T12:15:05","modified_gmt":"2025-06-24T18:15:05","slug":"adolescente-debera-pagar-mas-de-por-un-homicidio-1-5-mdp-por-homicidio","status":"publish","type":"post","link":"http:\/\/elobservatorio.com.mx\/?p=32705","title":{"rendered":"Adolescente cometi\u00f3 un homicidio y se le condena al pago de m\u00e1s de 1.5 mdp"},"content":{"rendered":"<ul>\n<li><em>Dinero que deber\u00e1 pagar por concepto de reparaci\u00f3n del da\u00f1o\u00a0<\/em><\/li>\n<\/ul>\n<p>La Fiscal\u00eda General del Estado de Colima (FGE), logr\u00f3 obtener una sentencia condenatoria en contra de un adolescente, declarado penalmente responsable del delito de homicidio calificado, cometido en agravio de un hombre en esta entidad.<\/p>\n<p>De acuerdo con las investigaciones realizadas por esta representaci\u00f3n social, los hechos ocurrieron el 24 de febrero del a\u00f1o en curso cuando el sentenciado ingres\u00f3 al domicilio de la v\u00edctima ubicado en la colonia Jardines de las Lomas, y le provoc\u00f3 heridas de caracter\u00edsticas punzocortantes, las cuales le ocasionaron la muerte mientras recib\u00eda atenci\u00f3n m\u00e9dica.<\/p>\n<p>Derivado de los medios de convicci\u00f3n aportados por esta dependencia ante el \u00f3rgano jurisdiccional especializado en justicia para adolescentes, se acredit\u00f3 la responsabilidad del imputado, quien fue sentenciado a cumplir medidas de internamiento y a cubrir la cantidad de m\u00e1s de un mill\u00f3n y medio de pesos como concepto de reparaci\u00f3n del da\u00f1o a favor de las v\u00edctimas indirectas.<\/p>\n<p>Con esta resoluci\u00f3n, la Fiscal\u00eda reitera su compromiso con las v\u00edctimas y refrenda su labor para que los delitos no queden impunes, actuando siempre en apego a los principios del Sistema Integral de Justicia Penal para Adolescentes.<\/p>\n","protected":false},"excerpt":{"rendered":"<p>Dinero que deber\u00e1 pagar por concepto de reparaci\u00f3n del da\u00f1o\u00a0 La Fiscal\u00eda General del Estado de Colima (FGE), logr\u00f3 obtener una sentencia condenatoria en contra de un adolescente, declarado penalmente responsable del delito de homicidio calificado, cometido en agravio de un hombre en esta entidad. De acuerdo con las investigaciones realizadas por esta representaci\u00f3n social,&#8230;<\/p>\n","protected":false},"author":2,"featured_media":32706,"comment_status":"closed","ping_status":"open","sticky":false,"template":"","format":"standard","meta":{"footnotes":""},"categories":[15],"tags":[29,30,28],"class_list":["post-32705","post","type-post","status-publish","format-standard","has-post-thumbnail","hentry","category-seguridad-y-justicia","tag-grid","tag-news","tag-slider"],"_links":{"self":[{"href":"http:\/\/elobservatorio.com.mx\/index.php?rest_route=\/wp\/v2\/posts\/32705"}],"collection":[{"href":"http:\/\/elobservatorio.com.mx\/index.php?rest_route=\/wp\/v2\/posts"}],"about":[{"href":"http:\/\/elobservatorio.com.mx\/index.php?rest_route=\/wp\/v2\/types\/post"}],"author":[{"embeddable":true,"href":"http:\/\/elobservatorio.com.mx\/index.php?rest_route=\/wp\/v2\/users\/2"}],"replies":[{"embeddable":true,"href":"http:\/\/elobservatorio.com.mx\/index.php?rest_route=%2Fwp%2Fv2%2Fcomments&post=32705"}],"version-history":[{"count":4,"href":"http:\/\/elobservatorio.com.mx\/index.php?rest_route=\/wp\/v2\/posts\/32705\/revisions"}],"predecessor-version":[{"id":32711,"href":"http:\/\/elobservatorio.com.mx\/index.php?rest_route=\/wp\/v2\/posts\/32705\/revisions\/32711"}],"wp:featuredmedia":[{"embeddable":true,"href":"http:\/\/elobservatorio.com.mx\/index.php?rest_route=\/wp\/v2\/media\/32706"}],"wp:attachment":[{"href":"http:\/\/elobservatorio.com.mx\/index.php?rest_route=%2Fwp%2Fv2%2Fmedia&parent=32705"}],"wp:term":[{"taxonomy":"category","embeddable":true,"href":"http:\/\/elobservatorio.com.mx\/index.php?rest_route=%2Fwp%2Fv2%2Fcategories&post=32705"},{"taxonomy":"post_tag","embeddable":true,"href":"http:\/\/elobservatorio.com.mx\/index.php?rest_route=%2Fwp%2Fv2%2Ftags&post=32705"}],"curies":[{"name":"wp","href":"https:\/\/api.w.org\/{rel}","templated":true}]}}