{"id":32721,"date":"2025-06-24T14:09:52","date_gmt":"2025-06-24T20:09:52","guid":{"rendered":"http:\/\/elobservatorio.com.mx\/?p=32721"},"modified":"2025-06-24T14:09:52","modified_gmt":"2025-06-24T20:09:52","slug":"con-una-ovacion-de-pie-el-publico-despide-al-ballet-folklorico-que-hara-una-gira-por-espana","status":"publish","type":"post","link":"http:\/\/elobservatorio.com.mx\/?p=32721","title":{"rendered":"Con una ovaci\u00f3n de pie, el p\u00fablico despide al Ballet Folkl\u00f3rico que har\u00e1 una gira por Espa\u00f1a"},"content":{"rendered":"<p><em>*A la funci\u00f3n asisti\u00f3 la gobernadora de Colima, Indira Vizca\u00edno Silva, quien expres\u00f3 su reconocimiento al grupo: \u201cSu talento, disciplina y amor por nuestras ra\u00edces son motivo de orgullo por llevar nuestra cultura a escenarios internacionales\u201d.<\/em><\/p>\n<p>Con una ovaci\u00f3n de pie y expresiones de j\u00fabilo, el p\u00fablico reconoci\u00f3 el talento y la energ\u00eda del Ballet Folkl\u00f3rico de la Universidad de Colima (BFUC) al concluir la primera parte de su presentaci\u00f3n, dedicada al ic\u00f3nico compositor infantil Francisco Gabilondo Soler, Cri-Cri.<\/p>\n<p>Con m\u00fasica en vivo, alegr\u00eda esc\u00e9nica y precisi\u00f3n coreogr\u00e1fica, el grupo se gan\u00f3 la admiraci\u00f3n de un Teatro Universitario casi lleno, desde las 12 del mediod\u00eda.<\/p>\n<p>La funci\u00f3n, realizada este domingo, fue la segunda de sus presentaciones de despedida antes de partir a Espa\u00f1a, donde participar\u00e1n en festivales del Circuito CIOFF (Consejo Internacional de Organizaciones de Festivales de Folklore y Artes Tradicionales), organismo reconocido por la UNESCO. Este circuito re\u00fane anualmente a agrupaciones de distintos pa\u00edses con el objetivo de preservar, promover y difundir el patrimonio cultural inmaterial del mundo, especialmente danzas, m\u00fasicas, rituales y expresiones tradicionales.<\/p>\n<p>Gracias a la calidad art\u00edstica que lo distingue, el Ballet Folkl\u00f3rico de la UdeC es invitado de forma recurrente a este prestigioso circuito internacional.<\/p>\n<p>A la funci\u00f3n asisti\u00f3 la gobernadora de Colima, Indira Vizca\u00edno Silva, quien expres\u00f3 su reconocimiento al grupo: \u201cSu talento, disciplina y amor por nuestras ra\u00edces son motivo de orgullo por llevar nuestra cultura a escenarios internacionales\u201d.<\/p>\n<p>Como expresa el poeta Miguel \u00c1ngel Le\u00f3n Govea: \u201cDanzamos porque la danza es permanencia en el tiempo, testimonio de quienes fuimos y de quienes seremos. As\u00ed, el BFUC ha convertido la danza en un puente entre generaciones, rescatando mitos, tradiciones y festividades que nos conforman como pueblo\u201d.<\/p>\n<p>Tambi\u00e9n estuvieron presentes el rector de la Universidad de Colima, Christian Jorge Torres Ortiz Zerme\u00f1o, y su esposa, Blanca Liliana D\u00edaz V\u00e1zquez, presidenta del Voluntariado Universitario.<\/p>\n<p>Durante el evento, adem\u00e1s del emotivo homenaje a Cri-Cri -uno de los momentos m\u00e1s celebrados-, el Ballet present\u00f3 <em>La Fiesta del Acabo<\/em>, una puesta en escena inspirada en los rituales de cosecha tal como los recuerdan los ancianos de Coquimatl\u00e1n, con destellos de humor p\u00edcaro gracias a los <em>m\u00e9nderos<\/em> o versos rimados que juegan con el doble sentido.<\/p>\n<p>La funci\u00f3n sigui\u00f3 con la participaci\u00f3n del Mariachi UdeC, agrupaci\u00f3n que promueve actualmente su disco: <em>Homenaje al Rey de Am\u00e9rica<\/em>. El cierre del espect\u00e1culo estuvo a cargo del Ballet y el Coro con el tradicional cuadro \u201cJalisco\u201d, una pieza emblem\u00e1tica que culmina con <em>La Culebra<\/em>, y la escena donde uno de los bailarines salta para caer en una red formada con los rebozos entrelazados de las bailarinas, provocando una fuerte ovaci\u00f3n.<\/p>\n<p>Esta compa\u00f1\u00eda de alcances internacionales es coordinada por Christian Guti\u00e9rrez Vega, director del Ballet; por el incansable maestro Jaime Ignacio Corona, director musical; Den\u00ed Garc\u00eda Medina, coordinadora administrativa y los maestros Alejandro Vera y Marisol L\u00f3pez; as\u00ed como por Mart\u00edn Alejandro Gonz\u00e1lez, asistente en la direcci\u00f3n coral.<\/p>\n<p>&nbsp;<\/p>\n<p>&nbsp;<\/p>\n","protected":false},"excerpt":{"rendered":"<p>*A la funci\u00f3n asisti\u00f3 la gobernadora de Colima, Indira Vizca\u00edno Silva, quien expres\u00f3 su reconocimiento al grupo: \u201cSu talento, disciplina y amor por nuestras ra\u00edces son motivo de orgullo por llevar nuestra cultura a escenarios internacionales\u201d. Con una ovaci\u00f3n de pie y expresiones de j\u00fabilo, el p\u00fablico reconoci\u00f3 el talento y la energ\u00eda del Ballet&#8230;<\/p>\n","protected":false},"author":2,"featured_media":32722,"comment_status":"closed","ping_status":"open","sticky":false,"template":"","format":"standard","meta":{"footnotes":""},"categories":[14],"tags":[29,30,28],"class_list":["post-32721","post","type-post","status-publish","format-standard","has-post-thumbnail","hentry","category-educacion-y-cultura","tag-grid","tag-news","tag-slider"],"_links":{"self":[{"href":"http:\/\/elobservatorio.com.mx\/index.php?rest_route=\/wp\/v2\/posts\/32721"}],"collection":[{"href":"http:\/\/elobservatorio.com.mx\/index.php?rest_route=\/wp\/v2\/posts"}],"about":[{"href":"http:\/\/elobservatorio.com.mx\/index.php?rest_route=\/wp\/v2\/types\/post"}],"author":[{"embeddable":true,"href":"http:\/\/elobservatorio.com.mx\/index.php?rest_route=\/wp\/v2\/users\/2"}],"replies":[{"embeddable":true,"href":"http:\/\/elobservatorio.com.mx\/index.php?rest_route=%2Fwp%2Fv2%2Fcomments&post=32721"}],"version-history":[{"count":1,"href":"http:\/\/elobservatorio.com.mx\/index.php?rest_route=\/wp\/v2\/posts\/32721\/revisions"}],"predecessor-version":[{"id":32723,"href":"http:\/\/elobservatorio.com.mx\/index.php?rest_route=\/wp\/v2\/posts\/32721\/revisions\/32723"}],"wp:featuredmedia":[{"embeddable":true,"href":"http:\/\/elobservatorio.com.mx\/index.php?rest_route=\/wp\/v2\/media\/32722"}],"wp:attachment":[{"href":"http:\/\/elobservatorio.com.mx\/index.php?rest_route=%2Fwp%2Fv2%2Fmedia&parent=32721"}],"wp:term":[{"taxonomy":"category","embeddable":true,"href":"http:\/\/elobservatorio.com.mx\/index.php?rest_route=%2Fwp%2Fv2%2Fcategories&post=32721"},{"taxonomy":"post_tag","embeddable":true,"href":"http:\/\/elobservatorio.com.mx\/index.php?rest_route=%2Fwp%2Fv2%2Ftags&post=32721"}],"curies":[{"name":"wp","href":"https:\/\/api.w.org\/{rel}","templated":true}]}}