{"id":32727,"date":"2025-06-25T18:09:47","date_gmt":"2025-06-26T00:09:47","guid":{"rendered":"http:\/\/elobservatorio.com.mx\/?p=32727"},"modified":"2025-06-25T18:09:47","modified_gmt":"2025-06-26T00:09:47","slug":"camila-reynoso-estudiante-de-la-udec-gana-bronce-en-olimpiada-nacional-femenil-de-matematicas","status":"publish","type":"post","link":"http:\/\/elobservatorio.com.mx\/?p=32727","title":{"rendered":"Camila Reynoso, estudiante de la UdeC, gana bronce en Olimpiada Nacional Femenil de Matem\u00e1ticas"},"content":{"rendered":"<p><em>*\u201cSiempre es un orgullo obtener una medalla a nivel nacional. Esta competencia fue solo entre chicas, as\u00ed que el ambiente era diferente al de la competencia mixta\u201d, coment\u00f3 en entrevista.<\/em><\/p>\n<p>Camila Nirel Reynoso Estrada, estudiante del Bachillerato 4 de la Universidad de Colima, obtuvo medalla de bronce en el V Concurso Nacional Femenil de la Olimpiada Mexicana de Matem\u00e1ticas, realizado recientemente en el estado de Guanajuato.<\/p>\n<p>Este certamen anual tiene como objetivo promover la participaci\u00f3n de ni\u00f1as y mujeres en el \u00e1mbito cient\u00edfico y matem\u00e1tico, impulsando el desarrollo de sus habilidades en estas disciplinas. En esta edici\u00f3n participaron delegaciones de los 32 estados del pa\u00eds, cada una conformada por seis representantes.<\/p>\n<p>En entrevista, Camila expres\u00f3 su orgullo por el reconocimiento nacional. \u201cSiempre es un orgullo obtener una medalla a nivel nacional. Esta competencia fue solo entre chicas, as\u00ed que el ambiente era diferente al de la competencia mixta\u201d, coment\u00f3.<\/p>\n<p>Comparti\u00f3 que su gusto por las matem\u00e1ticas surgi\u00f3 en la secundaria, cuando comenz\u00f3 a participar en concursos estatales y nacionales. \u201cDurante algunos a\u00f1os dej\u00e9 de competir, pero siempre hab\u00eda algo en las matem\u00e1ticas que me atrapaba y me hac\u00eda volver\u201d, relat\u00f3.<\/p>\n<p>Adem\u00e1s de destacar en matem\u00e1ticas, Camila tambi\u00e9n practica atletismo. Particip\u00f3 recientemente en los XXII Juegos Deportivos Nacionales de la Educaci\u00f3n Media Superior, realizados en Puebla del 15 al 21 de junio de 2025, y cuyo objetivo es fomentar el deporte entre estudiantes de nivel medio superior en M\u00e9xico.<\/p>\n<p>Aunque no logr\u00f3 medalla en la competencia deportiva, se mostr\u00f3 satisfecha con su desempe\u00f1o. \u201cEs diferente a la competencia en matem\u00e1ticas, pero igual es una bonita experiencia participar. Invito a todas las j\u00f3venes a que hagan lo que les gusta: practiquen deporte, mant\u00e9nganse activas\u201d, expres\u00f3.<\/p>\n<p>Finalmente, agradeci\u00f3 el apoyo constante de sus padres, quienes -dijo- siempre la han motivado a seguir sus pasiones. Tambi\u00e9n reconoci\u00f3 el respaldo de la Universidad de Colima, que la ha apoyado con transporte y recursos econ\u00f3micos para participar en estas competencias.<\/p>\n","protected":false},"excerpt":{"rendered":"<p>*\u201cSiempre es un orgullo obtener una medalla a nivel nacional. Esta competencia fue solo entre chicas, as\u00ed que el ambiente era diferente al de la competencia mixta\u201d, coment\u00f3 en entrevista. Camila Nirel Reynoso Estrada, estudiante del Bachillerato 4 de la Universidad de Colima, obtuvo medalla de bronce en el V Concurso Nacional Femenil de la&#8230;<\/p>\n","protected":false},"author":2,"featured_media":32728,"comment_status":"closed","ping_status":"open","sticky":false,"template":"","format":"standard","meta":{"footnotes":""},"categories":[14],"tags":[29,30,28],"class_list":["post-32727","post","type-post","status-publish","format-standard","has-post-thumbnail","hentry","category-educacion-y-cultura","tag-grid","tag-news","tag-slider"],"_links":{"self":[{"href":"http:\/\/elobservatorio.com.mx\/index.php?rest_route=\/wp\/v2\/posts\/32727"}],"collection":[{"href":"http:\/\/elobservatorio.com.mx\/index.php?rest_route=\/wp\/v2\/posts"}],"about":[{"href":"http:\/\/elobservatorio.com.mx\/index.php?rest_route=\/wp\/v2\/types\/post"}],"author":[{"embeddable":true,"href":"http:\/\/elobservatorio.com.mx\/index.php?rest_route=\/wp\/v2\/users\/2"}],"replies":[{"embeddable":true,"href":"http:\/\/elobservatorio.com.mx\/index.php?rest_route=%2Fwp%2Fv2%2Fcomments&post=32727"}],"version-history":[{"count":1,"href":"http:\/\/elobservatorio.com.mx\/index.php?rest_route=\/wp\/v2\/posts\/32727\/revisions"}],"predecessor-version":[{"id":32729,"href":"http:\/\/elobservatorio.com.mx\/index.php?rest_route=\/wp\/v2\/posts\/32727\/revisions\/32729"}],"wp:featuredmedia":[{"embeddable":true,"href":"http:\/\/elobservatorio.com.mx\/index.php?rest_route=\/wp\/v2\/media\/32728"}],"wp:attachment":[{"href":"http:\/\/elobservatorio.com.mx\/index.php?rest_route=%2Fwp%2Fv2%2Fmedia&parent=32727"}],"wp:term":[{"taxonomy":"category","embeddable":true,"href":"http:\/\/elobservatorio.com.mx\/index.php?rest_route=%2Fwp%2Fv2%2Fcategories&post=32727"},{"taxonomy":"post_tag","embeddable":true,"href":"http:\/\/elobservatorio.com.mx\/index.php?rest_route=%2Fwp%2Fv2%2Ftags&post=32727"}],"curies":[{"name":"wp","href":"https:\/\/api.w.org\/{rel}","templated":true}]}}