{"id":32739,"date":"2025-06-25T19:15:12","date_gmt":"2025-06-26T01:15:12","guid":{"rendered":"http:\/\/elobservatorio.com.mx\/?p=32739"},"modified":"2025-06-25T19:15:12","modified_gmt":"2025-06-26T01:15:12","slug":"inicia-tey-importante-obra-de-conectividad-entre-colonias-campestre-y-real-de-san-jorge","status":"publish","type":"post","link":"http:\/\/elobservatorio.com.mx\/?p=32739","title":{"rendered":"Inicia Tey importante obra de conectividad entre colonias Campestre y Real de San Jorge"},"content":{"rendered":"<p><em>*Se rehabilitan 245 metros cuadrados de la vialidad que comunica a ambos asentamientos<\/em><\/p>\n<p>Villa de \u00c1lvarez, Col.- La Presidenta Tey Guti\u00e9rrez Andrade dio el banderazo inicial a la obra de reconstrucci\u00f3n de empedrado profundo en la calle Agua Dulce, vialidad que conecta a las colonias Campestre y Real de San Jorge, de la Ciudad de Villa de \u00c1lvarez.<\/p>\n<p>La Alcaldesa se\u00f1al\u00f3 que esta obra, una de las que se har\u00e1n en 50 vialidades este 2025, consiste en el reempedrado profundo en los que se construir\u00e1n 245 metros cuadrados y 30 metros lineales e banqueta, era una asignatura pendiente que se ten\u00eda con los habitantes de ambas colonias, cercanas el centro de la Ciudad, pues son trabajos que se hab\u00edan solicitado de manera constante durante varios a\u00f1os.<\/p>\n<p>\u201cEn esta administraci\u00f3n estamos focaliz\u00e1ndonos al 100 por ciento en la rehabilitaci\u00f3n y mantenimiento de los empedrados y calles, sabemos que hay mucho por hacer, pero vamos a ir trabajando de acuerdo a la agenda que ya traemos desde la Direcci\u00f3n de Desarrollo Municipal para ir atendiendo a la poblaci\u00f3n\u201d, expres\u00f3 Guti\u00e9rrez Andrade.<\/p>\n<p>En su intervenci\u00f3n, el Presidente de Comit\u00e9 de Barrio de la colonia Campestre, Pedro David Torres Bobadilla, agradeci\u00f3 el apoyo y compromiso de la Presidenta Municipal con los habitantes de esa zona, destacando la cercan\u00eda y eficiencia del Gobierno Municipal, as\u00ed como el genuino inter\u00e9s por mejorar la calidad de vida de los habitantes de Villa de \u00c1lvarez.<\/p>\n<p>En el evento estuvieron presentes Adriana Escoto Aranda, Presidenta del Comit\u00e9 de Barrio de la colonia Real de San Jorge, habitantes del lugar y funcionarios y funcionarias municipales, encabezados por Liset Rodr\u00edguez, Secretaria del Ayuntamiento.<\/p>\n","protected":false},"excerpt":{"rendered":"<p>*Se rehabilitan 245 metros cuadrados de la vialidad que comunica a ambos asentamientos Villa de \u00c1lvarez, Col.- La Presidenta Tey Guti\u00e9rrez Andrade dio el banderazo inicial a la obra de reconstrucci\u00f3n de empedrado profundo en la calle Agua Dulce, vialidad que conecta a las colonias Campestre y Real de San Jorge, de la Ciudad de&#8230;<\/p>\n","protected":false},"author":2,"featured_media":32740,"comment_status":"closed","ping_status":"open","sticky":false,"template":"","format":"standard","meta":{"footnotes":""},"categories":[8,42],"tags":[29,30,28],"class_list":["post-32739","post","type-post","status-publish","format-standard","has-post-thumbnail","hentry","category-municipios","category-villa-de-alvarez","tag-grid","tag-news","tag-slider"],"_links":{"self":[{"href":"http:\/\/elobservatorio.com.mx\/index.php?rest_route=\/wp\/v2\/posts\/32739"}],"collection":[{"href":"http:\/\/elobservatorio.com.mx\/index.php?rest_route=\/wp\/v2\/posts"}],"about":[{"href":"http:\/\/elobservatorio.com.mx\/index.php?rest_route=\/wp\/v2\/types\/post"}],"author":[{"embeddable":true,"href":"http:\/\/elobservatorio.com.mx\/index.php?rest_route=\/wp\/v2\/users\/2"}],"replies":[{"embeddable":true,"href":"http:\/\/elobservatorio.com.mx\/index.php?rest_route=%2Fwp%2Fv2%2Fcomments&post=32739"}],"version-history":[{"count":1,"href":"http:\/\/elobservatorio.com.mx\/index.php?rest_route=\/wp\/v2\/posts\/32739\/revisions"}],"predecessor-version":[{"id":32741,"href":"http:\/\/elobservatorio.com.mx\/index.php?rest_route=\/wp\/v2\/posts\/32739\/revisions\/32741"}],"wp:featuredmedia":[{"embeddable":true,"href":"http:\/\/elobservatorio.com.mx\/index.php?rest_route=\/wp\/v2\/media\/32740"}],"wp:attachment":[{"href":"http:\/\/elobservatorio.com.mx\/index.php?rest_route=%2Fwp%2Fv2%2Fmedia&parent=32739"}],"wp:term":[{"taxonomy":"category","embeddable":true,"href":"http:\/\/elobservatorio.com.mx\/index.php?rest_route=%2Fwp%2Fv2%2Fcategories&post=32739"},{"taxonomy":"post_tag","embeddable":true,"href":"http:\/\/elobservatorio.com.mx\/index.php?rest_route=%2Fwp%2Fv2%2Ftags&post=32739"}],"curies":[{"name":"wp","href":"https:\/\/api.w.org\/{rel}","templated":true}]}}