{"id":32742,"date":"2025-06-25T19:39:51","date_gmt":"2025-06-26T01:39:51","guid":{"rendered":"http:\/\/elobservatorio.com.mx\/?p=32742"},"modified":"2025-06-25T19:39:51","modified_gmt":"2025-06-26T01:39:51","slug":"gobierno-de-riult-rivera-impulsa-el-emprendimiento-y-la-competitividad-con-conferencias-magistrales-gratuitas","status":"publish","type":"post","link":"http:\/\/elobservatorio.com.mx\/?p=32742","title":{"rendered":"Gobierno de Riult Rivera impulsa el emprendimiento y la competitividad con conferencias magistrales gratuitas"},"content":{"rendered":"<p>Como parte de las acciones del Macroprograma Colima Emprende, el Ayuntamiento de Colima que preside el alcalde Riult Rivera Guti\u00e9rrez a trav\u00e9s de la Direcci\u00f3n de Fomento Econ\u00f3mico y Mejora Regulatoria, llev\u00f3 a cabo la s\u00e9ptima conferencia magistral gratuita titulada \u201cImpulsa tu negocio con una experiencia inolvidable\u201d, impartida por la reconocida ponente Rosario Ballesteros.<\/p>\n<p>Durante el evento, Luis Alberto Moreno Rodr\u00edguez, Director de Fomento Econ\u00f3mico, destac\u00f3 el compromiso del Presidente Municipal Riult Rivera con el fortalecimiento de la competitividad de los distintos sectores econ\u00f3micos del municipio.<\/p>\n<p>Subray\u00f3 que esta administraci\u00f3n ha priorizado el desarrollo de las y los emprendedores colimenses mediante capacitaciones, asesor\u00edas y consultor\u00edas gratuitas, que se brindan de forma permanente.<\/p>\n<p>Moreno Rodr\u00edguez anunci\u00f3 que, en el marco del programa Colima Emprende, el Presidente Municipal lanzar\u00e1 la convocatoria para la primera incubadora de empresas municipal, una iniciativa sin precedentes que contar\u00e1 con el respaldo y acompa\u00f1amiento de empresarios de gran trayectoria, quienes fungir\u00e1n como mentores en los procesos de incubaci\u00f3n.<\/p>\n<p>Invit\u00f3 a emprendedores y ciudadanos a continuar trabajando en coordinaci\u00f3n con el Ayuntamiento de Colima, para seguir construyendo Otro Colima m\u00e1s pr\u00f3spero y competitivo.<\/p>\n","protected":false},"excerpt":{"rendered":"<p>Como parte de las acciones del Macroprograma Colima Emprende, el Ayuntamiento de Colima que preside el alcalde Riult Rivera Guti\u00e9rrez a trav\u00e9s de la Direcci\u00f3n de Fomento Econ\u00f3mico y Mejora Regulatoria, llev\u00f3 a cabo la s\u00e9ptima conferencia magistral gratuita titulada \u201cImpulsa tu negocio con una experiencia inolvidable\u201d, impartida por la reconocida ponente Rosario Ballesteros. Durante&#8230;<\/p>\n","protected":false},"author":2,"featured_media":32743,"comment_status":"closed","ping_status":"open","sticky":false,"template":"","format":"standard","meta":{"footnotes":""},"categories":[8,36],"tags":[29,30,28],"class_list":["post-32742","post","type-post","status-publish","format-standard","has-post-thumbnail","hentry","category-municipios","category-colima","tag-grid","tag-news","tag-slider"],"_links":{"self":[{"href":"http:\/\/elobservatorio.com.mx\/index.php?rest_route=\/wp\/v2\/posts\/32742"}],"collection":[{"href":"http:\/\/elobservatorio.com.mx\/index.php?rest_route=\/wp\/v2\/posts"}],"about":[{"href":"http:\/\/elobservatorio.com.mx\/index.php?rest_route=\/wp\/v2\/types\/post"}],"author":[{"embeddable":true,"href":"http:\/\/elobservatorio.com.mx\/index.php?rest_route=\/wp\/v2\/users\/2"}],"replies":[{"embeddable":true,"href":"http:\/\/elobservatorio.com.mx\/index.php?rest_route=%2Fwp%2Fv2%2Fcomments&post=32742"}],"version-history":[{"count":1,"href":"http:\/\/elobservatorio.com.mx\/index.php?rest_route=\/wp\/v2\/posts\/32742\/revisions"}],"predecessor-version":[{"id":32744,"href":"http:\/\/elobservatorio.com.mx\/index.php?rest_route=\/wp\/v2\/posts\/32742\/revisions\/32744"}],"wp:featuredmedia":[{"embeddable":true,"href":"http:\/\/elobservatorio.com.mx\/index.php?rest_route=\/wp\/v2\/media\/32743"}],"wp:attachment":[{"href":"http:\/\/elobservatorio.com.mx\/index.php?rest_route=%2Fwp%2Fv2%2Fmedia&parent=32742"}],"wp:term":[{"taxonomy":"category","embeddable":true,"href":"http:\/\/elobservatorio.com.mx\/index.php?rest_route=%2Fwp%2Fv2%2Fcategories&post=32742"},{"taxonomy":"post_tag","embeddable":true,"href":"http:\/\/elobservatorio.com.mx\/index.php?rest_route=%2Fwp%2Fv2%2Ftags&post=32742"}],"curies":[{"name":"wp","href":"https:\/\/api.w.org\/{rel}","templated":true}]}}