{"id":32752,"date":"2025-06-26T14:45:19","date_gmt":"2025-06-26T20:45:19","guid":{"rendered":"http:\/\/elobservatorio.com.mx\/?p=32752"},"modified":"2025-06-26T14:45:19","modified_gmt":"2025-06-26T20:45:19","slug":"realiza-vdea-200-pruebas-gratuitas-de-antigeno-prostatico","status":"publish","type":"post","link":"http:\/\/elobservatorio.com.mx\/?p=32752","title":{"rendered":"Realiza VdeA 200 pruebas gratuitas de ant\u00edgeno prost\u00e1tico"},"content":{"rendered":"<p><em>*Celebran Municipio, DIF y Laboratorios Santa Rita la campa\u00f1a \u201cHazlo por ti\u201d<\/em><\/p>\n<p>Villa de \u00c1lvarez, Col.- Con el prop\u00f3sito de fomentar la cultura de la prevenci\u00f3n en materia de salud, el Ayuntamiento de Villa de \u00c1lvarez, a trav\u00e9s del DIF Municipal, realiz\u00f3 la cuarta campa\u00f1a gratuita para la toma de muestras de ant\u00edgeno prost\u00e1tico \u201cHazlo por ti\u201d, en la que participaron 200 varones.<\/p>\n<p>Al inicio de la actividad celebrada en el Sal\u00f3n Presidentes de la Casa de la Cultura, la Alcaldesa Tey Guti\u00e9rrez Andrade agradeci\u00f3 a las instituciones que hicieron posible esta jornada de salud preventiva: al DIF Municipal y a Laboratorios Santa Rita, pues consider\u00f3 que con la suma de esfuerzos y voluntades se puede hacer m\u00e1s a favor del cuidado de la salud.<\/p>\n<p>A los 200 varones inscritos en \u201cHazlo por ti\u201d, la Presidenta Municipal los felicit\u00f3 por su participaci\u00f3n y por ocuparse del cuidado de su salud, y destac\u00f3 que esa campa\u00f1a se suma a otras que realiza su administraci\u00f3n para prevenir c\u00e1nceres en mujeres y en ni\u00f1os y ni\u00f1as<\/p>\n<p>\u201cHacerse este ant\u00edgeno prost\u00e1tico en el marco del D\u00eda del Padre es muy importante, pues una vez que se conozca el resultado sabremos si se tiene alg\u00fan riesgo o de lo contrario, todo est\u00e1 bien, que yo creo as\u00ed ser\u00e1\u201d, conf\u00edo Guti\u00e9rrez Andrade.<\/p>\n<p>La Directora del DIF Municipal, Martha Mart\u00ednez D\u00edaz, record\u00f3 que \u201cHazlo por ti\u201d forma parte de las Metas Estrat\u00e9gicas del Programa de Gobierno del A\u00f1o 2025 y enfatiz\u00f3 que para la administraci\u00f3n de Tey Guti\u00e9rrez es importante cuidar la salud de las personas, trabajar en temas de prevenci\u00f3n y acercar los servicios de salud a la poblaci\u00f3n.<\/p>\n","protected":false},"excerpt":{"rendered":"<p>*Celebran Municipio, DIF y Laboratorios Santa Rita la campa\u00f1a \u201cHazlo por ti\u201d Villa de \u00c1lvarez, Col.- Con el prop\u00f3sito de fomentar la cultura de la prevenci\u00f3n en materia de salud, el Ayuntamiento de Villa de \u00c1lvarez, a trav\u00e9s del DIF Municipal, realiz\u00f3 la cuarta campa\u00f1a gratuita para la toma de muestras de ant\u00edgeno prost\u00e1tico \u201cHazlo&#8230;<\/p>\n","protected":false},"author":2,"featured_media":32753,"comment_status":"closed","ping_status":"open","sticky":false,"template":"","format":"standard","meta":{"footnotes":""},"categories":[8,42],"tags":[29,30,28],"class_list":["post-32752","post","type-post","status-publish","format-standard","has-post-thumbnail","hentry","category-municipios","category-villa-de-alvarez","tag-grid","tag-news","tag-slider"],"_links":{"self":[{"href":"http:\/\/elobservatorio.com.mx\/index.php?rest_route=\/wp\/v2\/posts\/32752"}],"collection":[{"href":"http:\/\/elobservatorio.com.mx\/index.php?rest_route=\/wp\/v2\/posts"}],"about":[{"href":"http:\/\/elobservatorio.com.mx\/index.php?rest_route=\/wp\/v2\/types\/post"}],"author":[{"embeddable":true,"href":"http:\/\/elobservatorio.com.mx\/index.php?rest_route=\/wp\/v2\/users\/2"}],"replies":[{"embeddable":true,"href":"http:\/\/elobservatorio.com.mx\/index.php?rest_route=%2Fwp%2Fv2%2Fcomments&post=32752"}],"version-history":[{"count":1,"href":"http:\/\/elobservatorio.com.mx\/index.php?rest_route=\/wp\/v2\/posts\/32752\/revisions"}],"predecessor-version":[{"id":32754,"href":"http:\/\/elobservatorio.com.mx\/index.php?rest_route=\/wp\/v2\/posts\/32752\/revisions\/32754"}],"wp:featuredmedia":[{"embeddable":true,"href":"http:\/\/elobservatorio.com.mx\/index.php?rest_route=\/wp\/v2\/media\/32753"}],"wp:attachment":[{"href":"http:\/\/elobservatorio.com.mx\/index.php?rest_route=%2Fwp%2Fv2%2Fmedia&parent=32752"}],"wp:term":[{"taxonomy":"category","embeddable":true,"href":"http:\/\/elobservatorio.com.mx\/index.php?rest_route=%2Fwp%2Fv2%2Fcategories&post=32752"},{"taxonomy":"post_tag","embeddable":true,"href":"http:\/\/elobservatorio.com.mx\/index.php?rest_route=%2Fwp%2Fv2%2Ftags&post=32752"}],"curies":[{"name":"wp","href":"https:\/\/api.w.org\/{rel}","templated":true}]}}