{"id":32755,"date":"2025-06-26T15:03:57","date_gmt":"2025-06-26T21:03:57","guid":{"rendered":"http:\/\/elobservatorio.com.mx\/?p=32755"},"modified":"2025-06-26T15:03:57","modified_gmt":"2025-06-26T21:03:57","slug":"ayuntamiento-impulsa-embellecimiento-de-camellon-de-la-av-20-de-noviembre-y-limpieza-integral-de-glorieta-del-rey-coliman","status":"publish","type":"post","link":"http:\/\/elobservatorio.com.mx\/?p=32755","title":{"rendered":"Ayuntamiento impulsa embellecimiento de camell\u00f3n de la Av. 20 de Noviembre y limpieza integral de Glorieta del Rey Coliman"},"content":{"rendered":"<p>Colima, Col., 26 de junio 2025.- El Gobierno Municipal de Colima, a trav\u00e9s de la Direcci\u00f3n de Servicios P\u00fablicos, contin\u00faa reforzando las labores de mantenimiento urbano para que la ciudad luzca m\u00e1s limpia, ordenada y viva. En esta ocasi\u00f3n, los trabajos se centraron en el camell\u00f3n de la Avenida 20 de Noviembre y en la Glorieta del Rey Coliman, con acciones que devolver\u00e1n brillo y frescura a estos espacios emblem\u00e1ticos.<\/p>\n<p>1. Embellecimiento en camell\u00f3n de Av. 20 de Noviembre.<br \/>\n\u2013 Acciones realizadas:<br \/>\n\u2022 Deshierbe y retiro de plantas en mal estado.<br \/>\n\u2022 Preparaci\u00f3n de la tierra con fertilizantes org\u00e1nicos.<br \/>\n\u2022 Plantaci\u00f3n de especies nativas de bajo consumo de agua con flor.<\/p>\n<p>Con estas labores, se espera que el camell\u00f3n recupere su esplendor natural, contribuya a la mejora del paisaje urbano y fomente la cohesi\u00f3n vecinal alrededor de \u00e1reas verdes bien conservadas.<\/p>\n<p>2. Limpieza integral en la Glorieta del Rey Coliman.<br \/>\nUna cuadrilla de limpieza se dio a la labor de realizar trabajos integrales de limpieza.<br \/>\n\u2013 Tareas ejecutadas:<br \/>\n\u2022 Barrido de banquetas y pavimento.<br \/>\n\u2022 Recolecci\u00f3n de ramas, hojas secas y residuos s\u00f3lidos urbanos.<br \/>\n\u2022 Colocaci\u00f3n de se\u00f1alizaci\u00f3n provisional durante los trabajos para garantizar la seguridad vial.<\/p>\n<p>Gracias a esta intervenci\u00f3n, la glorieta luce libre de obstrucciones y desechos, ofreciendo un entorno m\u00e1s seguro y agradable para peatones y automovilistas.<\/p>\n<p>El Ayuntamiento de Colima reitera el llamado a la poblaci\u00f3n a mantener limpios y cuidados estos espacios, depositando correctamente la basura y evitando arrojar escombros o poda de jard\u00edn en la v\u00eda p\u00fablica. La corresponsabilidad ciudadana es clave para que Colima luzca bello para todas y todos.<\/p>\n","protected":false},"excerpt":{"rendered":"<p>Colima, Col., 26 de junio 2025.- El Gobierno Municipal de Colima, a trav\u00e9s de la Direcci\u00f3n de Servicios P\u00fablicos, contin\u00faa reforzando las labores de mantenimiento urbano para que la ciudad luzca m\u00e1s limpia, ordenada y viva. En esta ocasi\u00f3n, los trabajos se centraron en el camell\u00f3n de la Avenida 20 de Noviembre y en la&#8230;<\/p>\n","protected":false},"author":2,"featured_media":32756,"comment_status":"closed","ping_status":"open","sticky":false,"template":"","format":"standard","meta":{"footnotes":""},"categories":[8,36],"tags":[29,30,28],"class_list":["post-32755","post","type-post","status-publish","format-standard","has-post-thumbnail","hentry","category-municipios","category-colima","tag-grid","tag-news","tag-slider"],"_links":{"self":[{"href":"http:\/\/elobservatorio.com.mx\/index.php?rest_route=\/wp\/v2\/posts\/32755"}],"collection":[{"href":"http:\/\/elobservatorio.com.mx\/index.php?rest_route=\/wp\/v2\/posts"}],"about":[{"href":"http:\/\/elobservatorio.com.mx\/index.php?rest_route=\/wp\/v2\/types\/post"}],"author":[{"embeddable":true,"href":"http:\/\/elobservatorio.com.mx\/index.php?rest_route=\/wp\/v2\/users\/2"}],"replies":[{"embeddable":true,"href":"http:\/\/elobservatorio.com.mx\/index.php?rest_route=%2Fwp%2Fv2%2Fcomments&post=32755"}],"version-history":[{"count":1,"href":"http:\/\/elobservatorio.com.mx\/index.php?rest_route=\/wp\/v2\/posts\/32755\/revisions"}],"predecessor-version":[{"id":32757,"href":"http:\/\/elobservatorio.com.mx\/index.php?rest_route=\/wp\/v2\/posts\/32755\/revisions\/32757"}],"wp:featuredmedia":[{"embeddable":true,"href":"http:\/\/elobservatorio.com.mx\/index.php?rest_route=\/wp\/v2\/media\/32756"}],"wp:attachment":[{"href":"http:\/\/elobservatorio.com.mx\/index.php?rest_route=%2Fwp%2Fv2%2Fmedia&parent=32755"}],"wp:term":[{"taxonomy":"category","embeddable":true,"href":"http:\/\/elobservatorio.com.mx\/index.php?rest_route=%2Fwp%2Fv2%2Fcategories&post=32755"},{"taxonomy":"post_tag","embeddable":true,"href":"http:\/\/elobservatorio.com.mx\/index.php?rest_route=%2Fwp%2Fv2%2Ftags&post=32755"}],"curies":[{"name":"wp","href":"https:\/\/api.w.org\/{rel}","templated":true}]}}