{"id":32758,"date":"2025-06-26T15:26:20","date_gmt":"2025-06-26T21:26:20","guid":{"rendered":"http:\/\/elobservatorio.com.mx\/?p=32758"},"modified":"2025-06-26T15:26:20","modified_gmt":"2025-06-26T21:26:20","slug":"ayuntamiento-de-colima-lleva-feria-de-servicios-a-la-infonavit-la-estancia","status":"publish","type":"post","link":"http:\/\/elobservatorio.com.mx\/?p=32758","title":{"rendered":"Ayuntamiento de Colima lleva feria de servicios a la Infonavit La Estancia"},"content":{"rendered":"<p><em>* Tercera feria \u201cOtro Colima por las Mujeres\u201d acerca atenci\u00f3n legal, psicol\u00f3gica, educativa y laboral a las colonias.<\/em><\/p>\n<p><em>*Cristina C\u00e1rdenas, directora del Instituto de las Mujeres afirm\u00f3 que el trabajo que se realiza fortalece la equidad y el desarrollo de las mujeres del municipio.<\/em><\/p>\n<p>Colima, Col., 26 de junio de 2025.- El Ayuntamiento de Colima que encabeza el presidente Riult Rivera, a trav\u00e9s del Instituto de las Mujeres para el Municipio de Colima, llev\u00f3 a cabo la tercera edici\u00f3n de la feria de servicios \u201cOtro Colima por las Mujeres\u201d, realizada en la cancha techada de la colonia Infonavit La Estancia.<\/p>\n<p>Esta actividad forma parte de una estrategia para acercar programas, asesor\u00edas y servicios esenciales a la poblaci\u00f3n y especialmente a mujeres en las colonias y zonas rurales del municipio, con el objetivo de impulsar su pleno desarrollo, seguridad y el respeto a sus derechos.<\/p>\n<p>En representaci\u00f3n del presidente municipal, Riult Rivera Guti\u00e9rrez, el regidor Federico Rangel Lozano destac\u00f3 la importancia de trabajar de forma coordinada con diversas instituciones para avanzar hacia un Colima donde ni\u00f1as, adolescentes y mujeres puedan contar con mayores condiciones para ejercer sus derechos en todos los \u00e1mbitos de su vida.<\/p>\n<p>Reconoci\u00f3 el compromiso del Instituto de las Mujeres y de su directora, Cristina C\u00e1rdenas Le\u00f3n, por su labor constante y cercana a la poblaci\u00f3n femenina del municipio.<\/p>\n<p>Durante su mensaje, la directora del Instituto de las Mujeres para el Municipio de Colima, Cristina C\u00e1rdenas, se\u00f1al\u00f3 que estas ferias representan el compromiso del gobierno municipal por acercar servicios necesarios a los lugares donde m\u00e1s se requieren, permitiendo una atenci\u00f3n directa y accesible para las mujeres.<\/p>\n<p>Reafirm\u00f3 que el trabajo que se realiza desde la instituci\u00f3n est\u00e1 orientado a fortalecer la equidad y garantizar que todas las mujeres del municipio cuenten con herramientas para su desarrollo integral.<\/p>\n<p>La feria incluy\u00f3 asesor\u00eda jur\u00eddica y psicol\u00f3gica por parte del Instituto de las Mujeres, m\u00f3dulos de pago de servicios municipales, informaci\u00f3n de la Procuradur\u00eda de Protecci\u00f3n de Ni\u00f1as, Ni\u00f1os y Adolescentes, orientaci\u00f3n por parte de la Comisi\u00f3n Estatal de Atenci\u00f3n a V\u00edctimas, bolsa de trabajo, oferta educativa del ICEL y Casserole, as\u00ed como servicios gratuitos de est\u00e9tica por parte del SITEC.<\/p>\n<p>Tambi\u00e9n participaron el DIF Municipal, el Instituto de la Discapacidad, la Direcci\u00f3n de Seguridad P\u00fablica Municipal, y asociaciones civiles como Sumarte, que contribuyen con soluciones pr\u00e1cticas a problem\u00e1ticas locales.<\/p>\n<p>Estas actividades son parte de una pol\u00edtica municipal que busca mantenerse cercana a las mujeres en su entorno cotidiano.<\/p>\n<p>Llevar estos servicios directamente a las colonias y zonas rurales no solo facilita el acceso a recursos e informaci\u00f3n, sino que tambi\u00e9n fortalece el reconocimiento y ejercicio de los derechos de todas las mujeres, ni\u00f1as y adolescentes en el municipio de Colima.<\/p>\n","protected":false},"excerpt":{"rendered":"<p>* Tercera feria \u201cOtro Colima por las Mujeres\u201d acerca atenci\u00f3n legal, psicol\u00f3gica, educativa y laboral a las colonias. *Cristina C\u00e1rdenas, directora del Instituto de las Mujeres afirm\u00f3 que el trabajo que se realiza fortalece la equidad y el desarrollo de las mujeres del municipio. Colima, Col., 26 de junio de 2025.- El Ayuntamiento de Colima&#8230;<\/p>\n","protected":false},"author":2,"featured_media":32759,"comment_status":"closed","ping_status":"open","sticky":false,"template":"","format":"standard","meta":{"footnotes":""},"categories":[8,36],"tags":[29,30,28],"class_list":["post-32758","post","type-post","status-publish","format-standard","has-post-thumbnail","hentry","category-municipios","category-colima","tag-grid","tag-news","tag-slider"],"_links":{"self":[{"href":"http:\/\/elobservatorio.com.mx\/index.php?rest_route=\/wp\/v2\/posts\/32758"}],"collection":[{"href":"http:\/\/elobservatorio.com.mx\/index.php?rest_route=\/wp\/v2\/posts"}],"about":[{"href":"http:\/\/elobservatorio.com.mx\/index.php?rest_route=\/wp\/v2\/types\/post"}],"author":[{"embeddable":true,"href":"http:\/\/elobservatorio.com.mx\/index.php?rest_route=\/wp\/v2\/users\/2"}],"replies":[{"embeddable":true,"href":"http:\/\/elobservatorio.com.mx\/index.php?rest_route=%2Fwp%2Fv2%2Fcomments&post=32758"}],"version-history":[{"count":1,"href":"http:\/\/elobservatorio.com.mx\/index.php?rest_route=\/wp\/v2\/posts\/32758\/revisions"}],"predecessor-version":[{"id":32760,"href":"http:\/\/elobservatorio.com.mx\/index.php?rest_route=\/wp\/v2\/posts\/32758\/revisions\/32760"}],"wp:featuredmedia":[{"embeddable":true,"href":"http:\/\/elobservatorio.com.mx\/index.php?rest_route=\/wp\/v2\/media\/32759"}],"wp:attachment":[{"href":"http:\/\/elobservatorio.com.mx\/index.php?rest_route=%2Fwp%2Fv2%2Fmedia&parent=32758"}],"wp:term":[{"taxonomy":"category","embeddable":true,"href":"http:\/\/elobservatorio.com.mx\/index.php?rest_route=%2Fwp%2Fv2%2Fcategories&post=32758"},{"taxonomy":"post_tag","embeddable":true,"href":"http:\/\/elobservatorio.com.mx\/index.php?rest_route=%2Fwp%2Fv2%2Ftags&post=32758"}],"curies":[{"name":"wp","href":"https:\/\/api.w.org\/{rel}","templated":true}]}}