{"id":32761,"date":"2025-06-26T15:41:52","date_gmt":"2025-06-26T21:41:52","guid":{"rendered":"http:\/\/elobservatorio.com.mx\/?p=32761"},"modified":"2025-06-26T15:41:52","modified_gmt":"2025-06-26T21:41:52","slug":"vinculan-a-proceso-a-un-hombre-por-incumplimiento-de-pension-alimenticia","status":"publish","type":"post","link":"http:\/\/elobservatorio.com.mx\/?p=32761","title":{"rendered":"Vinculan a proceso a un hombre por incumplimiento de pensi\u00f3n alimenticia"},"content":{"rendered":"<p><em>*El da\u00f1o econ\u00f3mico es de m\u00e1s de ochenta mil pesos por concepto de alimentos<\/em><\/p>\n<p>La Fiscal\u00eda General del Estado (FGE), obtuvo la vinculaci\u00f3n a proceso en contra de Jos\u00e9 Antonio \u201cN\u201d, como presunto responsable del hecho que la ley se\u00f1ala como delito de incumplimiento de las obligaciones de asistencia familiar, cometido en agravio de su menor hijo, en hechos ocurridos en la ciudad de Colima; el Juez de control otorg\u00f3 un mes de investigaci\u00f3n complementaria.<\/p>\n<p>Con estas acciones, la Fiscal\u00eda General del Estado refrenda su compromiso de velar por los derechos humanos de las ni\u00f1as, ni\u00f1os y adolescentes, esclareciendo todos los hechos que le sean denunciados, garantizando Cero Impunidad.<\/p>\n","protected":false},"excerpt":{"rendered":"<p>*El da\u00f1o econ\u00f3mico es de m\u00e1s de ochenta mil pesos por concepto de alimentos La Fiscal\u00eda General del Estado (FGE), obtuvo la vinculaci\u00f3n a proceso en contra de Jos\u00e9 Antonio \u201cN\u201d, como presunto responsable del hecho que la ley se\u00f1ala como delito de incumplimiento de las obligaciones de asistencia familiar, cometido en agravio de su&#8230;<\/p>\n","protected":false},"author":2,"featured_media":32762,"comment_status":"closed","ping_status":"open","sticky":false,"template":"","format":"standard","meta":{"footnotes":""},"categories":[15],"tags":[29,30,28],"class_list":["post-32761","post","type-post","status-publish","format-standard","has-post-thumbnail","hentry","category-seguridad-y-justicia","tag-grid","tag-news","tag-slider"],"_links":{"self":[{"href":"http:\/\/elobservatorio.com.mx\/index.php?rest_route=\/wp\/v2\/posts\/32761"}],"collection":[{"href":"http:\/\/elobservatorio.com.mx\/index.php?rest_route=\/wp\/v2\/posts"}],"about":[{"href":"http:\/\/elobservatorio.com.mx\/index.php?rest_route=\/wp\/v2\/types\/post"}],"author":[{"embeddable":true,"href":"http:\/\/elobservatorio.com.mx\/index.php?rest_route=\/wp\/v2\/users\/2"}],"replies":[{"embeddable":true,"href":"http:\/\/elobservatorio.com.mx\/index.php?rest_route=%2Fwp%2Fv2%2Fcomments&post=32761"}],"version-history":[{"count":1,"href":"http:\/\/elobservatorio.com.mx\/index.php?rest_route=\/wp\/v2\/posts\/32761\/revisions"}],"predecessor-version":[{"id":32763,"href":"http:\/\/elobservatorio.com.mx\/index.php?rest_route=\/wp\/v2\/posts\/32761\/revisions\/32763"}],"wp:featuredmedia":[{"embeddable":true,"href":"http:\/\/elobservatorio.com.mx\/index.php?rest_route=\/wp\/v2\/media\/32762"}],"wp:attachment":[{"href":"http:\/\/elobservatorio.com.mx\/index.php?rest_route=%2Fwp%2Fv2%2Fmedia&parent=32761"}],"wp:term":[{"taxonomy":"category","embeddable":true,"href":"http:\/\/elobservatorio.com.mx\/index.php?rest_route=%2Fwp%2Fv2%2Fcategories&post=32761"},{"taxonomy":"post_tag","embeddable":true,"href":"http:\/\/elobservatorio.com.mx\/index.php?rest_route=%2Fwp%2Fv2%2Ftags&post=32761"}],"curies":[{"name":"wp","href":"https:\/\/api.w.org\/{rel}","templated":true}]}}