{"id":32767,"date":"2025-06-26T16:39:56","date_gmt":"2025-06-26T22:39:56","guid":{"rendered":"http:\/\/elobservatorio.com.mx\/?p=32767"},"modified":"2025-06-26T16:39:56","modified_gmt":"2025-06-26T22:39:56","slug":"toma-de-conciencia-los-jovenes-se-mueren","status":"publish","type":"post","link":"http:\/\/elobservatorio.com.mx\/?p=32767","title":{"rendered":"Toma de conciencia: los j\u00f3venes se mueren"},"content":{"rendered":"<div>\n<p class=\"x_MsoNormal\"><b><span data-olk-copy-source=\"MessageBody\">PARACA\u00cdDAS<\/span><\/b><\/p>\n<p class=\"x_MsoNormal\"><em>Rogelio Guedea<\/em><\/p>\n<p class=\"x_MsoNormal\"><b>\u00a0<\/b>La muerte de varios j\u00f3venes universitarios en un accidente automovil\u00edstico ocurrido el domingo pasado caus\u00f3 conmoci\u00f3n local e incluso nacional, tal como as\u00ed lo consignaron medios como TV Azteca. Los j\u00f3venes ven\u00edan de una graduaci\u00f3n, ya al amanecer, y tal parece que la causa del accidente fue una combinaci\u00f3n de exceso de velocidad, agotamiento, alcohol y no \u00f3ptimas condiciones del camino.<\/p>\n<p class=\"x_MsoNormal\">Por lo que haya sido, sabemos que en el fondo fue una extrema trivializaci\u00f3n de la vida (la propia, la ajena) que uno percibe en grandes sectores de la poblaci\u00f3n (no s\u00f3lo en los j\u00f3venes) y una falta de conciencia ante la tragedia y la muerte, que para muchos j\u00f3venes pr\u00e1cticamente es inexistente.<\/p>\n<p class=\"x_MsoNormal\">La normalizaci\u00f3n de la muerte que nos asola todos los d\u00edas (a trav\u00e9s de cr\u00edmenes de alto impacto, accidentes automovil\u00edsticos consuetudinarios dentro y fuera de la ciudad, etc\u00e9tera) est\u00e1 creando tambi\u00e9n la idea de que podemos ser impermeables al dolor y a la p\u00e9rdida, pero no es as\u00ed.<\/p>\n<p class=\"x_MsoNormal\">El dolor que produce la muerte de cualquier ser querido es in\u00e9dita e irremplazable, con lo cual ver muchas muertes en el televisor no nos vacuna contra el sufrimiento de la fatalidad de nuestros cercanos, de manera que todos somos responsables (j\u00f3venes mismos, padres de esos j\u00f3venes, autoridades en su funci\u00f3n preventiva, etc\u00e9tera) de que estas tragedias se eviten, para que nadie despu\u00e9s tenga que lamentarlo.<\/p>\n<p class=\"x_MsoNormal\">Mi propia hija, esa misma noche en que suced\u00eda esa graduaci\u00f3n, estuvo en una graduaci\u00f3n paralela. Uno de sus compa\u00f1eros, cuando la dej\u00e9 ah\u00ed, me dijo que \u00e9l pod\u00eda traerla de regreso. Le agradec\u00ed sus atenciones, pero yo puse mi despertador y me levant\u00e9 entrando la madrugada para ir por ella. Mi hija, por su parte, estuvo de acuerdo en que as\u00ed hici\u00e9ramos la operaci\u00f3n.<\/p>\n<p class=\"x_MsoNormal\">En el camino de venida vi muchos coches en exceso de velocidad, que me hicieron incluso buscar una ruta alterna, para evitar precisamente un accidente. Valoro mucho la vida, respeto mucho la muerte, que existe y acecha todos los d\u00edas. Incluso puedo decir que se vive para sortear la muerte. Sin moralinas, es un llamado (un grito desgarrador) para j\u00f3venes, para padres o mentores, para las mismas autoridades, ante un hecho que veo que est\u00e1 creciendo y que no parece que nadie haga nada para detenerlo.<\/p>\n<\/div>\n<div><\/div>\n<p><span class=\"x_gmail_signature_prefix\">&#8212;<\/span><\/p>\n<div class=\"x_gmail_signature\" dir=\"ltr\" data-smartmail=\"gmail_signature\">\n<div dir=\"ltr\">Rogelio Guedea<\/p>\n<div><a title=\"mailto:rguedea@ucol.mx\" href=\"mailto:rguedea@ucol.mx\">rguedea@ucol.mx<\/a><\/p>\n<div><a title=\"mailto:rguedea1974@gmail.com\" href=\"mailto:rguedea1974@gmail.com\">rguedea1974@gmail.com<\/a><\/p>\n<div>website:\u00a0<a title=\"http:\/\/www.rogelioguedea.com\" href=\"http:\/\/www.rogelioguedea.com\/\" target=\"_blank\" rel=\"noopener noreferrer\" data-auth=\"NotApplicable\">www.rogelioguedea.com<\/a><\/div>\n<div>twitter: @rogelioguedea<\/div>\n<\/div>\n<\/div>\n<\/div>\n<\/div>\n","protected":false},"excerpt":{"rendered":"<p>PARACA\u00cdDAS Rogelio Guedea \u00a0La muerte de varios j\u00f3venes universitarios en un accidente automovil\u00edstico ocurrido el domingo pasado caus\u00f3 conmoci\u00f3n local e incluso nacional, tal como as\u00ed lo consignaron medios como TV Azteca. Los j\u00f3venes ven\u00edan de una graduaci\u00f3n, ya al amanecer, y tal parece que la causa del accidente fue una combinaci\u00f3n de exceso de&#8230;<\/p>\n","protected":false},"author":2,"featured_media":25398,"comment_status":"closed","ping_status":"open","sticky":false,"template":"","format":"standard","meta":{"footnotes":""},"categories":[11],"tags":[29,30,28],"class_list":["post-32767","post","type-post","status-publish","format-standard","has-post-thumbnail","hentry","category-opinion","tag-grid","tag-news","tag-slider"],"_links":{"self":[{"href":"http:\/\/elobservatorio.com.mx\/index.php?rest_route=\/wp\/v2\/posts\/32767"}],"collection":[{"href":"http:\/\/elobservatorio.com.mx\/index.php?rest_route=\/wp\/v2\/posts"}],"about":[{"href":"http:\/\/elobservatorio.com.mx\/index.php?rest_route=\/wp\/v2\/types\/post"}],"author":[{"embeddable":true,"href":"http:\/\/elobservatorio.com.mx\/index.php?rest_route=\/wp\/v2\/users\/2"}],"replies":[{"embeddable":true,"href":"http:\/\/elobservatorio.com.mx\/index.php?rest_route=%2Fwp%2Fv2%2Fcomments&post=32767"}],"version-history":[{"count":1,"href":"http:\/\/elobservatorio.com.mx\/index.php?rest_route=\/wp\/v2\/posts\/32767\/revisions"}],"predecessor-version":[{"id":32768,"href":"http:\/\/elobservatorio.com.mx\/index.php?rest_route=\/wp\/v2\/posts\/32767\/revisions\/32768"}],"wp:featuredmedia":[{"embeddable":true,"href":"http:\/\/elobservatorio.com.mx\/index.php?rest_route=\/wp\/v2\/media\/25398"}],"wp:attachment":[{"href":"http:\/\/elobservatorio.com.mx\/index.php?rest_route=%2Fwp%2Fv2%2Fmedia&parent=32767"}],"wp:term":[{"taxonomy":"category","embeddable":true,"href":"http:\/\/elobservatorio.com.mx\/index.php?rest_route=%2Fwp%2Fv2%2Fcategories&post=32767"},{"taxonomy":"post_tag","embeddable":true,"href":"http:\/\/elobservatorio.com.mx\/index.php?rest_route=%2Fwp%2Fv2%2Ftags&post=32767"}],"curies":[{"name":"wp","href":"https:\/\/api.w.org\/{rel}","templated":true}]}}