{"id":32769,"date":"2025-06-26T17:00:23","date_gmt":"2025-06-26T23:00:23","guid":{"rendered":"http:\/\/elobservatorio.com.mx\/?p=32769"},"modified":"2025-06-26T17:00:23","modified_gmt":"2025-06-26T23:00:23","slug":"udec-y-el-vancouver-community-college-firman-convenio-para-fortalecer-alianza-academica","status":"publish","type":"post","link":"http:\/\/elobservatorio.com.mx\/?p=32769","title":{"rendered":"UdeC y el Vancouver Community College firman convenio para fortalecer alianza acad\u00e9mica"},"content":{"rendered":"<p><em>*Nos permitir\u00e1 dise\u00f1ar y aplicar proyectos conjuntos, programas de movilidad, investigaci\u00f3n colaborativa y actividades culturales compartidas que beneficien a ambas comunidades educativas\u201d, destac\u00f3 Christian Torres Ortiz.<\/em><\/p>\n<p>Como parte de su agenda de trabajo internacional en Vancouver, Canad\u00e1, el rector de la Universidad de Colima, Dr. Christian Jorge Torres Ortiz Zerme\u00f1o, firm\u00f3 un convenio de colaboraci\u00f3n acad\u00e9mica y cient\u00edfica con el Dr. Ajay Patel, presidente (rector) del Vancouver Community College (VCC).<\/p>\n<p>Este acuerdo bilateral consolida una relaci\u00f3n de cooperaci\u00f3n que ambas instituciones han construido en los \u00faltimos a\u00f1os, al ser miembros activos de UMAP (University Mobility in Asia and the Pacific), red internacional presidida actualmente por el Dr. Torres Ortiz Zerme\u00f1o. Esta red promueve la movilidad acad\u00e9mica, la cooperaci\u00f3n interinstitucional y el entendimiento intercultural entre instituciones de educaci\u00f3n superior de Asia y el Pac\u00edfico.<\/p>\n<p>Durante la ceremonia de firma, el rector Torres Ortiz Zerme\u00f1o subray\u00f3 que el acuerdo representa el fortalecimiento de una relaci\u00f3n basada en la confianza, la visi\u00f3n compartida y el trabajo sostenido, con el objetivo com\u00fan de avanzar hacia una educaci\u00f3n superior m\u00e1s inclusiva, solidaria y orientada a los grandes desaf\u00edos globales.<\/p>\n<p>\u201cEste convenio es un paso m\u00e1s hacia una recuperaci\u00f3n m\u00e1s profunda y estructurada. Nos permitir\u00e1 dise\u00f1ar y aplicar proyectos conjuntos, programas de movilidad, investigaci\u00f3n colaborativa y actividades culturales compartidas que beneficien a ambas comunidades educativas\u201d, destac\u00f3 el rector.<\/p>\n<p>Por su parte, el Dr. Ajay Patel, presidente del VCC y secretario internacional de UMAP, celebr\u00f3 la firma del convenio como un avance significativo en la consolidaci\u00f3n de los lazos con la Universidad de Colima.<\/p>\n<p>Resalt\u00f3 el compromiso mutuo de ambas instituciones con el acceso equitativo a oportunidades educativas de calidad.<\/p>\n<p>Con este acuerdo, la Universidad de Colima reafirma su compromiso con una internacionalizaci\u00f3n integral, que contribuye al desarrollo acad\u00e9mico y profesional de su comunidad universitaria, al tiempo que fortalece su presencia en redes acad\u00e9micas globales.<\/p>\n","protected":false},"excerpt":{"rendered":"<p>*Nos permitir\u00e1 dise\u00f1ar y aplicar proyectos conjuntos, programas de movilidad, investigaci\u00f3n colaborativa y actividades culturales compartidas que beneficien a ambas comunidades educativas\u201d, destac\u00f3 Christian Torres Ortiz. Como parte de su agenda de trabajo internacional en Vancouver, Canad\u00e1, el rector de la Universidad de Colima, Dr. Christian Jorge Torres Ortiz Zerme\u00f1o, firm\u00f3 un convenio de colaboraci\u00f3n&#8230;<\/p>\n","protected":false},"author":2,"featured_media":32770,"comment_status":"closed","ping_status":"open","sticky":false,"template":"","format":"standard","meta":{"footnotes":""},"categories":[14],"tags":[29,30,28],"class_list":["post-32769","post","type-post","status-publish","format-standard","has-post-thumbnail","hentry","category-educacion-y-cultura","tag-grid","tag-news","tag-slider"],"_links":{"self":[{"href":"http:\/\/elobservatorio.com.mx\/index.php?rest_route=\/wp\/v2\/posts\/32769"}],"collection":[{"href":"http:\/\/elobservatorio.com.mx\/index.php?rest_route=\/wp\/v2\/posts"}],"about":[{"href":"http:\/\/elobservatorio.com.mx\/index.php?rest_route=\/wp\/v2\/types\/post"}],"author":[{"embeddable":true,"href":"http:\/\/elobservatorio.com.mx\/index.php?rest_route=\/wp\/v2\/users\/2"}],"replies":[{"embeddable":true,"href":"http:\/\/elobservatorio.com.mx\/index.php?rest_route=%2Fwp%2Fv2%2Fcomments&post=32769"}],"version-history":[{"count":1,"href":"http:\/\/elobservatorio.com.mx\/index.php?rest_route=\/wp\/v2\/posts\/32769\/revisions"}],"predecessor-version":[{"id":32771,"href":"http:\/\/elobservatorio.com.mx\/index.php?rest_route=\/wp\/v2\/posts\/32769\/revisions\/32771"}],"wp:featuredmedia":[{"embeddable":true,"href":"http:\/\/elobservatorio.com.mx\/index.php?rest_route=\/wp\/v2\/media\/32770"}],"wp:attachment":[{"href":"http:\/\/elobservatorio.com.mx\/index.php?rest_route=%2Fwp%2Fv2%2Fmedia&parent=32769"}],"wp:term":[{"taxonomy":"category","embeddable":true,"href":"http:\/\/elobservatorio.com.mx\/index.php?rest_route=%2Fwp%2Fv2%2Fcategories&post=32769"},{"taxonomy":"post_tag","embeddable":true,"href":"http:\/\/elobservatorio.com.mx\/index.php?rest_route=%2Fwp%2Fv2%2Ftags&post=32769"}],"curies":[{"name":"wp","href":"https:\/\/api.w.org\/{rel}","templated":true}]}}