{"id":32776,"date":"2025-06-26T17:21:27","date_gmt":"2025-06-26T23:21:27","guid":{"rendered":"http:\/\/elobservatorio.com.mx\/?p=32776"},"modified":"2025-06-26T17:22:06","modified_gmt":"2025-06-26T23:22:06","slug":"se-reune-adriana-jimenez-con-liderazgos-tecomenses","status":"publish","type":"post","link":"http:\/\/elobservatorio.com.mx\/?p=32776","title":{"rendered":"Se re\u00fane Adriana Jim\u00e9nez con liderazgos tecomenses"},"content":{"rendered":"<div class=\"xdj266r x14z9mp xat24cr x1lziwak x1vvkbs x126k92a\">\n<div dir=\"auto\"><\/div>\n<\/div>\n<div class=\"x14z9mp xat24cr x1lziwak x1vvkbs xtlvy1s x126k92a\">\n<div dir=\"auto\">Maria Adriana Jim\u00e9nez Ramos, secretaria de Promoci\u00f3n Pol\u00edtica de la Mujer (PPM) del PAN en el Estado, se reuni\u00f3 la ma\u00f1ana de ayer con liderazgos pol\u00edticos del municipio de Tecom\u00e1n.<\/div>\n<\/div>\n<div class=\"x14z9mp xat24cr x1lziwak x1vvkbs xtlvy1s x126k92a\">\n<div dir=\"auto\"><\/div>\n<div dir=\"auto\">Adriana Jim\u00e9nez coment\u00f3 que el objetivo fue intercambiar opiniones y dialogar sobre acciones que se deben implementar para trabajar rumbo al 2027 en favor de las mujeres colimenses.<\/div>\n<\/div>\n<div class=\"x14z9mp xat24cr x1lziwak x1vvkbs xtlvy1s x126k92a\">\n<div dir=\"auto\"><\/div>\n<div dir=\"auto\">En la reuni\u00f3n se acordaron estrategias pol\u00edticas para realizarse en conjunto con liderazgos que empoderen a las mujeres en \u00e1reas de las diferentes entes p\u00fablicos.<\/div>\n<\/div>\n<div class=\"x14z9mp xat24cr x1lziwak x1vvkbs xtlvy1s x126k92a\">\n<div dir=\"auto\"><\/div>\n<div dir=\"auto\">Adriana Jim\u00e9nez, agradeci\u00f3 el respaldo y acompa\u00f1amiento del regidor Luis Alberto Gama , as\u00ed como del expresidente municipal de Tecom\u00e1n \u00d3scar \u00c1valos , Lic Noe Pinto de los Santos y otros liderazgos quienes aportaron sus inquietudes e ideas para reforzar las estrategias a realizar.<\/div>\n<\/div>\n","protected":false},"excerpt":{"rendered":"<p>Maria Adriana Jim\u00e9nez Ramos, secretaria de Promoci\u00f3n Pol\u00edtica de la Mujer (PPM) del PAN en el Estado, se reuni\u00f3 la ma\u00f1ana de ayer con liderazgos pol\u00edticos del municipio de Tecom\u00e1n. Adriana Jim\u00e9nez coment\u00f3 que el objetivo fue intercambiar opiniones y dialogar sobre acciones que se deben implementar para trabajar rumbo al 2027 en favor de&#8230;<\/p>\n","protected":false},"author":2,"featured_media":32777,"comment_status":"closed","ping_status":"open","sticky":false,"template":"","format":"standard","meta":{"footnotes":""},"categories":[10],"tags":[29,30,28],"class_list":["post-32776","post","type-post","status-publish","format-standard","has-post-thumbnail","hentry","category-politica","tag-grid","tag-news","tag-slider"],"_links":{"self":[{"href":"http:\/\/elobservatorio.com.mx\/index.php?rest_route=\/wp\/v2\/posts\/32776"}],"collection":[{"href":"http:\/\/elobservatorio.com.mx\/index.php?rest_route=\/wp\/v2\/posts"}],"about":[{"href":"http:\/\/elobservatorio.com.mx\/index.php?rest_route=\/wp\/v2\/types\/post"}],"author":[{"embeddable":true,"href":"http:\/\/elobservatorio.com.mx\/index.php?rest_route=\/wp\/v2\/users\/2"}],"replies":[{"embeddable":true,"href":"http:\/\/elobservatorio.com.mx\/index.php?rest_route=%2Fwp%2Fv2%2Fcomments&post=32776"}],"version-history":[{"count":2,"href":"http:\/\/elobservatorio.com.mx\/index.php?rest_route=\/wp\/v2\/posts\/32776\/revisions"}],"predecessor-version":[{"id":32779,"href":"http:\/\/elobservatorio.com.mx\/index.php?rest_route=\/wp\/v2\/posts\/32776\/revisions\/32779"}],"wp:featuredmedia":[{"embeddable":true,"href":"http:\/\/elobservatorio.com.mx\/index.php?rest_route=\/wp\/v2\/media\/32777"}],"wp:attachment":[{"href":"http:\/\/elobservatorio.com.mx\/index.php?rest_route=%2Fwp%2Fv2%2Fmedia&parent=32776"}],"wp:term":[{"taxonomy":"category","embeddable":true,"href":"http:\/\/elobservatorio.com.mx\/index.php?rest_route=%2Fwp%2Fv2%2Fcategories&post=32776"},{"taxonomy":"post_tag","embeddable":true,"href":"http:\/\/elobservatorio.com.mx\/index.php?rest_route=%2Fwp%2Fv2%2Ftags&post=32776"}],"curies":[{"name":"wp","href":"https:\/\/api.w.org\/{rel}","templated":true}]}}